{"id":9828,"date":"2025-01-15T18:08:08","date_gmt":"2025-01-15T17:08:08","guid":{"rendered":"https:\/\/wgphoto.pl\/t\/?p=9828"},"modified":"2025-01-15T18:08:08","modified_gmt":"2025-01-15T17:08:08","slug":"zabie-wnetrznosci-1","status":"publish","type":"post","link":"http:\/\/wgphoto.pl\/t\/?p=9828","title":{"rendered":"\u017babie wn\u0119trzno\u015bci (1)"},"content":{"rendered":"\n<figure class=\"wp-block-image aligncenter size-full\"><img loading=\"lazy\" decoding=\"async\" width=\"1050\" height=\"700\" src=\"https:\/\/wgphoto.pl\/t\/wp-content\/uploads\/2025\/01\/IMGP3663.jpg\" alt=\"\" class=\"wp-image-9829\" srcset=\"http:\/\/wgphoto.pl\/t\/wp-content\/uploads\/2025\/01\/IMGP3663.jpg 1050w, http:\/\/wgphoto.pl\/t\/wp-content\/uploads\/2025\/01\/IMGP3663-300x200.jpg 300w, http:\/\/wgphoto.pl\/t\/wp-content\/uploads\/2025\/01\/IMGP3663-768x512.jpg 768w\" sizes=\"auto, (max-width: 1050px) 100vw, 1050px\" \/><\/figure>\n\n\n\n<div class=\"wp-block-group has-global-padding is-layout-constrained wp-block-group-is-layout-constrained\">\n<p>50-letni design przedzia\u0142u pasa\u017cerskiego City Froga. Niekt\u00f3re elementy wyposa\u017cenia s\u0105 \u0142udz\u0105co podobne do spotykanych w doczepach serii 020 &#8211; nic w tym dziwnego, wszak lata produkcji podobne, a producent (Vag\u00f3nka Stud\u00e9nka) ten sam. 2014-04-01<\/p>\n<\/div>\n","protected":false},"excerpt":{"rendered":"<p>50-letni design przedzia\u0142u pasa\u017cerskiego City Froga. Niekt\u00f3re elementy wyposa\u017cenia s\u0105 \u0142udz\u0105co podobne do spotykanych w doczepach serii 020 &#8211; nic w tym dziwnego, wszak lata produkcji podobne, a producent (Vag\u00f3nka Stud\u00e9nka) ten sam. 2014-04-01<\/p>\n","protected":false},"author":1,"featured_media":9829,"comment_status":"open","ping_status":"","sticky":false,"template":"","format":"standard","meta":{"footnotes":""},"categories":[220,2,48],"tags":[702,972,50,49,223,454],"class_list":["post-9828","post","type-post","status-publish","format-standard","has-post-thumbnail","hentry","category-blo","category-kolej","category-rok-2014","tag-2014-04-01","tag-972","tag-cd","tag-czechy","tag-symetria","tag-wnetrza-pojazdow"],"_links":{"self":[{"href":"http:\/\/wgphoto.pl\/t\/index.php?rest_route=\/wp\/v2\/posts\/9828","targetHints":{"allow":["GET"]}}],"collection":[{"href":"http:\/\/wgphoto.pl\/t\/index.php?rest_route=\/wp\/v2\/posts"}],"about":[{"href":"http:\/\/wgphoto.pl\/t\/index.php?rest_route=\/wp\/v2\/types\/post"}],"author":[{"embeddable":true,"href":"http:\/\/wgphoto.pl\/t\/index.php?rest_route=\/wp\/v2\/users\/1"}],"replies":[{"embeddable":true,"href":"http:\/\/wgphoto.pl\/t\/index.php?rest_route=%2Fwp%2Fv2%2Fcomments&post=9828"}],"version-history":[{"count":1,"href":"http:\/\/wgphoto.pl\/t\/index.php?rest_route=\/wp\/v2\/posts\/9828\/revisions"}],"predecessor-version":[{"id":9830,"href":"http:\/\/wgphoto.pl\/t\/index.php?rest_route=\/wp\/v2\/posts\/9828\/revisions\/9830"}],"wp:featuredmedia":[{"embeddable":true,"href":"http:\/\/wgphoto.pl\/t\/index.php?rest_route=\/wp\/v2\/media\/9829"}],"wp:attachment":[{"href":"http:\/\/wgphoto.pl\/t\/index.php?rest_route=%2Fwp%2Fv2%2Fmedia&parent=9828"}],"wp:term":[{"taxonomy":"category","embeddable":true,"href":"http:\/\/wgphoto.pl\/t\/index.php?rest_route=%2Fwp%2Fv2%2Fcategories&post=9828"},{"taxonomy":"post_tag","embeddable":true,"href":"http:\/\/wgphoto.pl\/t\/index.php?rest_route=%2Fwp%2Fv2%2Ftags&post=9828"}],"curies":[{"name":"wp","href":"https:\/\/api.w.org\/{rel}","templated":true}]}}