{"id":9906,"date":"2025-01-18T12:21:34","date_gmt":"2025-01-18T11:21:34","guid":{"rendered":"https:\/\/wgphoto.pl\/t\/?p=9906"},"modified":"2025-01-18T12:21:34","modified_gmt":"2025-01-18T11:21:34","slug":"deszczowy-potrojniak","status":"publish","type":"post","link":"http:\/\/wgphoto.pl\/t\/?p=9906","title":{"rendered":"Deszczowy potr\u00f3jniak"},"content":{"rendered":"\n<figure class=\"wp-block-image aligncenter size-full\"><img loading=\"lazy\" decoding=\"async\" width=\"1400\" height=\"958\" src=\"https:\/\/wgphoto.pl\/t\/wp-content\/uploads\/2025\/01\/IMGP1936.jpg\" alt=\"\" class=\"wp-image-9907\" srcset=\"http:\/\/wgphoto.pl\/t\/wp-content\/uploads\/2025\/01\/IMGP1936.jpg 1400w, http:\/\/wgphoto.pl\/t\/wp-content\/uploads\/2025\/01\/IMGP1936-300x205.jpg 300w, http:\/\/wgphoto.pl\/t\/wp-content\/uploads\/2025\/01\/IMGP1936-768x526.jpg 768w\" sizes=\"auto, (max-width: 1400px) 100vw, 1400px\" \/><\/figure>\n\n\n\n<div class=\"wp-block-group has-global-padding is-layout-constrained wp-block-group-is-layout-constrained\">\n<p>Budapeszt, Etele \u00fat. Potr\u00f3jniak zako\u0144czy\u0142 kurs na \u00f3wczesnym kra\u0144cu linii 1 przy Feh\u00e9rv\u00e1ri \u00fat, oddanym do ruchu kilka miesi\u0119cy wcze\u015bniej. W 2019 roku przed\u0142u\u017cono tras\u0119 o kolejne kilka przystank\u00f3w, do dworca i wa\u017cnego w\u0119z\u0142a Kelenf\u00f6ld. 18.08.2015<\/p>\n<\/div>\n","protected":false},"excerpt":{"rendered":"<p>Budapeszt, Etele \u00fat. Potr\u00f3jniak zako\u0144czy\u0142 kurs na \u00f3wczesnym kra\u0144cu linii 1 przy Feh\u00e9rv\u00e1ri \u00fat, oddanym do ruchu kilka miesi\u0119cy wcze\u015bniej. W 2019 roku przed\u0142u\u017cono tras\u0119 o kolejne kilka przystank\u00f3w, do dworca i wa\u017cnego w\u0119z\u0142a Kelenf\u00f6ld. 18.08.2015<\/p>\n","protected":false},"author":1,"featured_media":9907,"comment_status":"open","ping_status":"","sticky":false,"template":"","format":"standard","meta":{"footnotes":""},"categories":[104,3],"tags":[1809,147,144,13,173,135,1037,107,105],"class_list":["post-9906","post","type-post","status-publish","format-standard","has-post-thumbnail","hentry","category-rok-2015","category-tramwaj","tag-2015-08-18","tag-bkv-budapest","tag-budapeszt","tag-deszcz","tag-koncowki","tag-potrojniak","tag-tatra-t5","tag-wakacje-2015","tag-wegry"],"_links":{"self":[{"href":"http:\/\/wgphoto.pl\/t\/index.php?rest_route=\/wp\/v2\/posts\/9906","targetHints":{"allow":["GET"]}}],"collection":[{"href":"http:\/\/wgphoto.pl\/t\/index.php?rest_route=\/wp\/v2\/posts"}],"about":[{"href":"http:\/\/wgphoto.pl\/t\/index.php?rest_route=\/wp\/v2\/types\/post"}],"author":[{"embeddable":true,"href":"http:\/\/wgphoto.pl\/t\/index.php?rest_route=\/wp\/v2\/users\/1"}],"replies":[{"embeddable":true,"href":"http:\/\/wgphoto.pl\/t\/index.php?rest_route=%2Fwp%2Fv2%2Fcomments&post=9906"}],"version-history":[{"count":1,"href":"http:\/\/wgphoto.pl\/t\/index.php?rest_route=\/wp\/v2\/posts\/9906\/revisions"}],"predecessor-version":[{"id":9908,"href":"http:\/\/wgphoto.pl\/t\/index.php?rest_route=\/wp\/v2\/posts\/9906\/revisions\/9908"}],"wp:featuredmedia":[{"embeddable":true,"href":"http:\/\/wgphoto.pl\/t\/index.php?rest_route=\/wp\/v2\/media\/9907"}],"wp:attachment":[{"href":"http:\/\/wgphoto.pl\/t\/index.php?rest_route=%2Fwp%2Fv2%2Fmedia&parent=9906"}],"wp:term":[{"taxonomy":"category","embeddable":true,"href":"http:\/\/wgphoto.pl\/t\/index.php?rest_route=%2Fwp%2Fv2%2Fcategories&post=9906"},{"taxonomy":"post_tag","embeddable":true,"href":"http:\/\/wgphoto.pl\/t\/index.php?rest_route=%2Fwp%2Fv2%2Ftags&post=9906"}],"curies":[{"name":"wp","href":"https:\/\/api.w.org\/{rel}","templated":true}]}}