{"id":9909,"date":"2025-01-18T12:29:43","date_gmt":"2025-01-18T11:29:43","guid":{"rendered":"https:\/\/wgphoto.pl\/t\/?p=9909"},"modified":"2025-01-18T12:29:43","modified_gmt":"2025-01-18T11:29:43","slug":"z-dolnego-wiaduktu","status":"publish","type":"post","link":"http:\/\/wgphoto.pl\/t\/?p=9909","title":{"rendered":"Z dolnego wiaduktu"},"content":{"rendered":"\n<figure class=\"wp-block-image aligncenter size-full\"><img loading=\"lazy\" decoding=\"async\" width=\"1200\" height=\"803\" src=\"https:\/\/wgphoto.pl\/t\/wp-content\/uploads\/2025\/01\/IMGP9185.jpg\" alt=\"\" class=\"wp-image-9910\" srcset=\"http:\/\/wgphoto.pl\/t\/wp-content\/uploads\/2025\/01\/IMGP9185.jpg 1200w, http:\/\/wgphoto.pl\/t\/wp-content\/uploads\/2025\/01\/IMGP9185-300x201.jpg 300w, http:\/\/wgphoto.pl\/t\/wp-content\/uploads\/2025\/01\/IMGP9185-768x514.jpg 768w\" sizes=\"auto, (max-width: 1200px) 100vw, 1200px\" \/><\/figure>\n\n\n\n<div class=\"wp-block-group has-global-padding is-layout-constrained wp-block-group-is-layout-constrained\">\n<p>Choce\u0148. Poci\u0105g IC 572 &#8222;Brn\u011bnsk\u00fd drak&#8221; relacji Brno hl.n. &#8211; Praha hl.n., prowadzony lokomotyw\u0105 380 008-3, opu\u015bciwszy kr\u0119ty, nie zmodernizowany jeszcze szlak z Brand\u00fdse nad Orlic\u00ed, nabiera pr\u0119dko\u015bci do rozk\u0142adowych 160 km\/h. Nazwa poci\u0105gu pochodzi od wypchanego krokodyla, wisz\u0105cego pod sufitem bramy Starego Ratusza w Brnie ju\u017c od XVII stulecia. 24.01.2011<\/p>\n<\/div>\n","protected":false},"excerpt":{"rendered":"<p>Choce\u0148. Poci\u0105g IC 572 &#8222;Brn\u011bnsk\u00fd drak&#8221; relacji Brno hl.n. &#8211; Praha hl.n., prowadzony lokomotyw\u0105 380 008-3, opu\u015bciwszy kr\u0119ty, nie zmodernizowany jeszcze szlak z Brand\u00fdse nad Orlic\u00ed, nabiera pr\u0119dko\u015bci do rozk\u0142adowych 160 km\/h. Nazwa poci\u0105gu pochodzi od wypchanego krokodyla, wisz\u0105cego pod sufitem bramy Starego Ratusza w Brnie ju\u017c od XVII stulecia. 24.01.2011<\/p>\n","protected":false},"author":1,"featured_media":9910,"comment_status":"open","ping_status":"","sticky":false,"template":"","format":"standard","meta":{"footnotes":""},"categories":[77,3],"tags":[2972,1378,50,2973,49,244,44,1375],"class_list":["post-9909","post","type-post","status-publish","format-standard","has-post-thumbnail","hentry","category-rok-2011","category-tramwaj","tag-2011-01-24","tag-1378","tag-cd","tag-chocen","tag-czechy","tag-skaly","tag-snieg","tag-tab-cz010"],"_links":{"self":[{"href":"http:\/\/wgphoto.pl\/t\/index.php?rest_route=\/wp\/v2\/posts\/9909","targetHints":{"allow":["GET"]}}],"collection":[{"href":"http:\/\/wgphoto.pl\/t\/index.php?rest_route=\/wp\/v2\/posts"}],"about":[{"href":"http:\/\/wgphoto.pl\/t\/index.php?rest_route=\/wp\/v2\/types\/post"}],"author":[{"embeddable":true,"href":"http:\/\/wgphoto.pl\/t\/index.php?rest_route=\/wp\/v2\/users\/1"}],"replies":[{"embeddable":true,"href":"http:\/\/wgphoto.pl\/t\/index.php?rest_route=%2Fwp%2Fv2%2Fcomments&post=9909"}],"version-history":[{"count":1,"href":"http:\/\/wgphoto.pl\/t\/index.php?rest_route=\/wp\/v2\/posts\/9909\/revisions"}],"predecessor-version":[{"id":9911,"href":"http:\/\/wgphoto.pl\/t\/index.php?rest_route=\/wp\/v2\/posts\/9909\/revisions\/9911"}],"wp:featuredmedia":[{"embeddable":true,"href":"http:\/\/wgphoto.pl\/t\/index.php?rest_route=\/wp\/v2\/media\/9910"}],"wp:attachment":[{"href":"http:\/\/wgphoto.pl\/t\/index.php?rest_route=%2Fwp%2Fv2%2Fmedia&parent=9909"}],"wp:term":[{"taxonomy":"category","embeddable":true,"href":"http:\/\/wgphoto.pl\/t\/index.php?rest_route=%2Fwp%2Fv2%2Fcategories&post=9909"},{"taxonomy":"post_tag","embeddable":true,"href":"http:\/\/wgphoto.pl\/t\/index.php?rest_route=%2Fwp%2Fv2%2Ftags&post=9909"}],"curies":[{"name":"wp","href":"https:\/\/api.w.org\/{rel}","templated":true}]}}