{"id":9912,"date":"2025-01-18T12:30:41","date_gmt":"2025-01-18T11:30:41","guid":{"rendered":"https:\/\/wgphoto.pl\/t\/?p=9912"},"modified":"2025-01-18T12:30:41","modified_gmt":"2025-01-18T11:30:41","slug":"chocen","status":"publish","type":"post","link":"http:\/\/wgphoto.pl\/t\/?p=9912","title":{"rendered":"Choce\u0148"},"content":{"rendered":"\n<figure class=\"wp-block-image aligncenter size-full\"><img loading=\"lazy\" decoding=\"async\" width=\"1200\" height=\"803\" src=\"https:\/\/wgphoto.pl\/t\/wp-content\/uploads\/2025\/01\/IMGP9225-1.jpg\" alt=\"\" class=\"wp-image-9913\" srcset=\"http:\/\/wgphoto.pl\/t\/wp-content\/uploads\/2025\/01\/IMGP9225-1.jpg 1200w, http:\/\/wgphoto.pl\/t\/wp-content\/uploads\/2025\/01\/IMGP9225-1-300x201.jpg 300w, http:\/\/wgphoto.pl\/t\/wp-content\/uploads\/2025\/01\/IMGP9225-1-768x514.jpg 768w\" sizes=\"auto, (max-width: 1200px) 100vw, 1200px\" \/><\/figure>\n\n\n\n<div class=\"wp-block-group has-global-padding is-layout-constrained wp-block-group-is-layout-constrained\">\n<p>W Czechach bodaj ka\u017cda seria pojazd\u00f3w trakcyjnych reprezentowana jest przez jeden egzemplarz w malowaniu historycznym. W przypadku serii 151 jest to maszyna o numerze 023, na zdj\u0119ciu z\u0142apana w czasie przejazdu bez zatrzymania z poci\u0105giem ekspresowym 241 &#8222;Leo\u0161 Jan\u00e1\u010dek&#8221; z Pragi do s\u0142owackiego Zvolenia przez widoczn\u0105 w ca\u0142ej swej okaza\u0142o\u015bci stacj\u0119 Choce\u0148. Przy 140 km\/h nie jest \u0142atwo trafi\u0107 mi\u0119dzy s\u0142upy. 24.01.2011<\/p>\n<\/div>\n","protected":false},"excerpt":{"rendered":"<p>W Czechach bodaj ka\u017cda seria pojazd\u00f3w trakcyjnych reprezentowana jest przez jeden egzemplarz w malowaniu historycznym. W przypadku serii 151 jest to maszyna o numerze 023, na zdj\u0119ciu z\u0142apana w czasie przejazdu bez zatrzymania z poci\u0105giem ekspresowym 241 &#8222;Leo\u0161 Jan\u00e1\u010dek&#8221; z Pragi do s\u0142owackiego Zvolenia przez widoczn\u0105 w ca\u0142ej swej okaza\u0142o\u015bci stacj\u0119 Choce\u0148. Przy 140 km\/h [&hellip;]<\/p>\n","protected":false},"author":1,"featured_media":9913,"comment_status":"open","ping_status":"","sticky":false,"template":"","format":"standard","meta":{"footnotes":""},"categories":[2,77],"tags":[1966,2972,50,2973,49,44,1375],"class_list":["post-9912","post","type-post","status-publish","format-standard","has-post-thumbnail","hentry","category-kolej","category-rok-2011","tag-1966","tag-2011-01-24","tag-cd","tag-chocen","tag-czechy","tag-snieg","tag-tab-cz010"],"_links":{"self":[{"href":"http:\/\/wgphoto.pl\/t\/index.php?rest_route=\/wp\/v2\/posts\/9912","targetHints":{"allow":["GET"]}}],"collection":[{"href":"http:\/\/wgphoto.pl\/t\/index.php?rest_route=\/wp\/v2\/posts"}],"about":[{"href":"http:\/\/wgphoto.pl\/t\/index.php?rest_route=\/wp\/v2\/types\/post"}],"author":[{"embeddable":true,"href":"http:\/\/wgphoto.pl\/t\/index.php?rest_route=\/wp\/v2\/users\/1"}],"replies":[{"embeddable":true,"href":"http:\/\/wgphoto.pl\/t\/index.php?rest_route=%2Fwp%2Fv2%2Fcomments&post=9912"}],"version-history":[{"count":1,"href":"http:\/\/wgphoto.pl\/t\/index.php?rest_route=\/wp\/v2\/posts\/9912\/revisions"}],"predecessor-version":[{"id":9914,"href":"http:\/\/wgphoto.pl\/t\/index.php?rest_route=\/wp\/v2\/posts\/9912\/revisions\/9914"}],"wp:featuredmedia":[{"embeddable":true,"href":"http:\/\/wgphoto.pl\/t\/index.php?rest_route=\/wp\/v2\/media\/9913"}],"wp:attachment":[{"href":"http:\/\/wgphoto.pl\/t\/index.php?rest_route=%2Fwp%2Fv2%2Fmedia&parent=9912"}],"wp:term":[{"taxonomy":"category","embeddable":true,"href":"http:\/\/wgphoto.pl\/t\/index.php?rest_route=%2Fwp%2Fv2%2Fcategories&post=9912"},{"taxonomy":"post_tag","embeddable":true,"href":"http:\/\/wgphoto.pl\/t\/index.php?rest_route=%2Fwp%2Fv2%2Ftags&post=9912"}],"curies":[{"name":"wp","href":"https:\/\/api.w.org\/{rel}","templated":true}]}}