{"id":9993,"date":"2025-01-19T16:44:49","date_gmt":"2025-01-19T15:44:49","guid":{"rendered":"https:\/\/wgphoto.pl\/t\/?p=9993"},"modified":"2025-01-19T16:44:49","modified_gmt":"2025-01-19T15:44:49","slug":"wezel-przesiadkowy-z-tradycjami","status":"publish","type":"post","link":"http:\/\/wgphoto.pl\/t\/?p=9993","title":{"rendered":"W\u0119ze\u0142 przesiadkowy z tradycjami"},"content":{"rendered":"\n<figure class=\"wp-block-image aligncenter size-full\"><img loading=\"lazy\" decoding=\"async\" width=\"1300\" height=\"870\" src=\"https:\/\/wgphoto.pl\/t\/wp-content\/uploads\/2025\/01\/IMGP1975-1.jpg\" alt=\"\" class=\"wp-image-9994\" srcset=\"http:\/\/wgphoto.pl\/t\/wp-content\/uploads\/2025\/01\/IMGP1975-1.jpg 1300w, http:\/\/wgphoto.pl\/t\/wp-content\/uploads\/2025\/01\/IMGP1975-1-300x201.jpg 300w, http:\/\/wgphoto.pl\/t\/wp-content\/uploads\/2025\/01\/IMGP1975-1-768x514.jpg 768w\" sizes=\"auto, (max-width: 1300px) 100vw, 1300px\" \/><\/figure>\n\n\n\n<div class=\"wp-block-group has-global-padding is-layout-constrained wp-block-group-is-layout-constrained\">\n<p>Praga, ul. Sp\u00e1len\u00e1. Na zwyczajnym skrzy\u017cowaniu z przystankami dochodzonymi z chodnika dziewi\u0119\u0107 nocnych linii tramwajowych spotyka si\u0119 co p\u00f3\u0142 godziny przez ca\u0142\u0105 noc (na zdj\u0119ciu Tatry T6A2 8612 i 8656). Stanowiska znajduj\u0105 si\u0119 na widocznej ulicy Sp\u00e1lenej oraz prostopad\u0142ej do niej Lazarskej. Znikomy b\u0105d\u017a \u017caden ruch samochodowy oraz brak sygnalizacji \u015bwietlnych sprzyja swobodnemu przep\u0142ywowi pasa\u017cer\u00f3w mi\u0119dzy pojazdami. Miejsce to s\u0142u\u017cy nocnym tramwajom ju\u017c od 3 listopada 1985 roku. 2011-07-09<\/p>\n<\/div>\n","protected":false},"excerpt":{"rendered":"<p>Praga, ul. Sp\u00e1len\u00e1. Na zwyczajnym skrzy\u017cowaniu z przystankami dochodzonymi z chodnika dziewi\u0119\u0107 nocnych linii tramwajowych spotyka si\u0119 co p\u00f3\u0142 godziny przez ca\u0142\u0105 noc (na zdj\u0119ciu Tatry T6A2 8612 i 8656). Stanowiska znajduj\u0105 si\u0119 na widocznej ulicy Sp\u00e1lenej oraz prostopad\u0142ej do niej Lazarskej. Znikomy b\u0105d\u017a \u017caden ruch samochodowy oraz brak sygnalizacji \u015bwietlnych sprzyja swobodnemu przep\u0142ywowi pasa\u017cer\u00f3w [&hellip;]<\/p>\n","protected":false},"author":1,"featured_media":9994,"comment_status":"open","ping_status":"","sticky":false,"template":"","format":"standard","meta":{"footnotes":""},"categories":[77,3],"tags":[1048,49,1049,154,52,841],"class_list":["post-9993","post","type-post","status-publish","format-standard","has-post-thumbnail","hentry","category-rok-2011","category-tramwaj","tag-2011-07-09","tag-czechy","tag-dp-praha","tag-noc","tag-praga","tag-tatra-t6"],"_links":{"self":[{"href":"http:\/\/wgphoto.pl\/t\/index.php?rest_route=\/wp\/v2\/posts\/9993","targetHints":{"allow":["GET"]}}],"collection":[{"href":"http:\/\/wgphoto.pl\/t\/index.php?rest_route=\/wp\/v2\/posts"}],"about":[{"href":"http:\/\/wgphoto.pl\/t\/index.php?rest_route=\/wp\/v2\/types\/post"}],"author":[{"embeddable":true,"href":"http:\/\/wgphoto.pl\/t\/index.php?rest_route=\/wp\/v2\/users\/1"}],"replies":[{"embeddable":true,"href":"http:\/\/wgphoto.pl\/t\/index.php?rest_route=%2Fwp%2Fv2%2Fcomments&post=9993"}],"version-history":[{"count":1,"href":"http:\/\/wgphoto.pl\/t\/index.php?rest_route=\/wp\/v2\/posts\/9993\/revisions"}],"predecessor-version":[{"id":9995,"href":"http:\/\/wgphoto.pl\/t\/index.php?rest_route=\/wp\/v2\/posts\/9993\/revisions\/9995"}],"wp:featuredmedia":[{"embeddable":true,"href":"http:\/\/wgphoto.pl\/t\/index.php?rest_route=\/wp\/v2\/media\/9994"}],"wp:attachment":[{"href":"http:\/\/wgphoto.pl\/t\/index.php?rest_route=%2Fwp%2Fv2%2Fmedia&parent=9993"}],"wp:term":[{"taxonomy":"category","embeddable":true,"href":"http:\/\/wgphoto.pl\/t\/index.php?rest_route=%2Fwp%2Fv2%2Fcategories&post=9993"},{"taxonomy":"post_tag","embeddable":true,"href":"http:\/\/wgphoto.pl\/t\/index.php?rest_route=%2Fwp%2Fv2%2Ftags&post=9993"}],"curies":[{"name":"wp","href":"https:\/\/api.w.org\/{rel}","templated":true}]}}