{"id":9996,"date":"2025-01-19T16:46:45","date_gmt":"2025-01-19T15:46:45","guid":{"rendered":"https:\/\/wgphoto.pl\/t\/?p=9996"},"modified":"2025-01-19T16:47:06","modified_gmt":"2025-01-19T15:47:06","slug":"lehovec","status":"publish","type":"post","link":"http:\/\/wgphoto.pl\/t\/?p=9996","title":{"rendered":"Lehovec"},"content":{"rendered":"\n<figure class=\"wp-block-image aligncenter size-full\"><img loading=\"lazy\" decoding=\"async\" width=\"1300\" height=\"870\" src=\"https:\/\/wgphoto.pl\/t\/wp-content\/uploads\/2025\/01\/IMGP1978_02.jpg\" alt=\"\" class=\"wp-image-9998\" srcset=\"http:\/\/wgphoto.pl\/t\/wp-content\/uploads\/2025\/01\/IMGP1978_02.jpg 1300w, http:\/\/wgphoto.pl\/t\/wp-content\/uploads\/2025\/01\/IMGP1978_02-300x201.jpg 300w, http:\/\/wgphoto.pl\/t\/wp-content\/uploads\/2025\/01\/IMGP1978_02-768x514.jpg 768w\" sizes=\"auto, (max-width: 1300px) 100vw, 1300px\" \/><\/figure>\n\n\n\n<div class=\"wp-block-group has-global-padding is-layout-constrained wp-block-group-is-layout-constrained\">\n<p>W Pradze nocy wystarcza na tyle, by przejecha\u0107 si\u0119 tramwajem na dwie p\u0119tle po\u0142o\u017cone na przeciwleg\u0142ych kra\u0144cach miasta. Wczesnym \u015bwitem wyl\u0105dowali\u015bmy na Lehovcu. 2011-07-09<\/p>\n<\/div>\n","protected":false},"excerpt":{"rendered":"<p>W Pradze nocy wystarcza na tyle, by przejecha\u0107 si\u0119 tramwajem na dwie p\u0119tle po\u0142o\u017cone na przeciwleg\u0142ych kra\u0144cach miasta. Wczesnym \u015bwitem wyl\u0105dowali\u015bmy na Lehovcu. 2011-07-09<\/p>\n","protected":false},"author":1,"featured_media":9998,"comment_status":"open","ping_status":"","sticky":false,"template":"","format":"standard","meta":{"footnotes":""},"categories":[77,3],"tags":[1048,91,49,1049,154,52,841],"class_list":["post-9996","post","type-post","status-publish","format-standard","has-post-thumbnail","hentry","category-rok-2011","category-tramwaj","tag-2011-07-09","tag-blue-hour","tag-czechy","tag-dp-praha","tag-noc","tag-praga","tag-tatra-t6"],"_links":{"self":[{"href":"http:\/\/wgphoto.pl\/t\/index.php?rest_route=\/wp\/v2\/posts\/9996","targetHints":{"allow":["GET"]}}],"collection":[{"href":"http:\/\/wgphoto.pl\/t\/index.php?rest_route=\/wp\/v2\/posts"}],"about":[{"href":"http:\/\/wgphoto.pl\/t\/index.php?rest_route=\/wp\/v2\/types\/post"}],"author":[{"embeddable":true,"href":"http:\/\/wgphoto.pl\/t\/index.php?rest_route=\/wp\/v2\/users\/1"}],"replies":[{"embeddable":true,"href":"http:\/\/wgphoto.pl\/t\/index.php?rest_route=%2Fwp%2Fv2%2Fcomments&post=9996"}],"version-history":[{"count":1,"href":"http:\/\/wgphoto.pl\/t\/index.php?rest_route=\/wp\/v2\/posts\/9996\/revisions"}],"predecessor-version":[{"id":9999,"href":"http:\/\/wgphoto.pl\/t\/index.php?rest_route=\/wp\/v2\/posts\/9996\/revisions\/9999"}],"wp:featuredmedia":[{"embeddable":true,"href":"http:\/\/wgphoto.pl\/t\/index.php?rest_route=\/wp\/v2\/media\/9998"}],"wp:attachment":[{"href":"http:\/\/wgphoto.pl\/t\/index.php?rest_route=%2Fwp%2Fv2%2Fmedia&parent=9996"}],"wp:term":[{"taxonomy":"category","embeddable":true,"href":"http:\/\/wgphoto.pl\/t\/index.php?rest_route=%2Fwp%2Fv2%2Fcategories&post=9996"},{"taxonomy":"post_tag","embeddable":true,"href":"http:\/\/wgphoto.pl\/t\/index.php?rest_route=%2Fwp%2Fv2%2Ftags&post=9996"}],"curies":[{"name":"wp","href":"https:\/\/api.w.org\/{rel}","templated":true}]}}