{"id":327,"count":6,"description":"","link":"http:\/\/wgphoto.pl\/t\/?tag=brno-hlavni-nadrazi","name":"Brno hlavn\u00ed n\u00e1dra\u017e\u00ed","slug":"brno-hlavni-nadrazi","taxonomy":"post_tag","meta":[],"_links":{"self":[{"href":"http:\/\/wgphoto.pl\/t\/index.php?rest_route=\/wp\/v2\/tags\/327","targetHints":{"allow":["GET"]}}],"collection":[{"href":"http:\/\/wgphoto.pl\/t\/index.php?rest_route=\/wp\/v2\/tags"}],"about":[{"href":"http:\/\/wgphoto.pl\/t\/index.php?rest_route=\/wp\/v2\/taxonomies\/post_tag"}],"wp:post_type":[{"href":"http:\/\/wgphoto.pl\/t\/index.php?rest_route=%2Fwp%2Fv2%2Fposts&tags=327"}],"curies":[{"name":"wp","href":"https:\/\/api.w.org\/{rel}","templated":true}]}}