{"id":10003,"date":"2025-01-19T16:50:27","date_gmt":"2025-01-19T15:50:27","guid":{"rendered":"https:\/\/wgphoto.pl\/t\/?p=10003"},"modified":"2025-01-19T16:50:27","modified_gmt":"2025-01-19T15:50:27","slug":"wybrzeze-bez-wody","status":"publish","type":"post","link":"https:\/\/wgphoto.pl\/t\/?p=10003","title":{"rendered":"Wybrze\u017ce bez wody"},"content":{"rendered":"\n<figure class=\"wp-block-image aligncenter size-full\"><img loading=\"lazy\" decoding=\"async\" width=\"600\" height=\"900\" src=\"https:\/\/wgphoto.pl\/t\/wp-content\/uploads\/2025\/01\/IMGP2049.jpg\" alt=\"\" class=\"wp-image-10004\" srcset=\"https:\/\/wgphoto.pl\/t\/wp-content\/uploads\/2025\/01\/IMGP2049.jpg 600w, https:\/\/wgphoto.pl\/t\/wp-content\/uploads\/2025\/01\/IMGP2049-200x300.jpg 200w\" sizes=\"auto, (max-width: 600px) 100vw, 600px\" \/><\/figure>\n\n\n\n<div class=\"wp-block-group has-global-padding is-layout-constrained wp-block-group-is-layout-constrained\">\n<p>Dwie dwunastki pomykaj\u0105 o poranku wybrze\u017cem Edvarda Bene\u0161e w Pradze, kt\u00f3re to wybrze\u017ce stanie si\u0119 wybrze\u017cem, a nie ulic\u0105, zaraz za lew\u0105 kraw\u0119dzi\u0105 kadru. Perspektyw\u0119 zamyka wzg\u00f3rze Pet\u0159\u00edn. I jeszcze dodam, \u017ce tramwaje o tej porze pojawiaj\u0105 si\u0119 w tym miejscu co 20 minut, a ja bardzo chcia\u0142em mie\u0107 &#8222;czyste&#8221; foto pojazdu jad\u0105cego w stron\u0119 s\u0142o\u0144ca. Z perspektywy czasu jednak wybieram wersj\u0119 z mijank\u0105. 09.07.2011<\/p>\n<\/div>\n","protected":false},"excerpt":{"rendered":"<p>Dwie dwunastki pomykaj\u0105 o poranku wybrze\u017cem Edvarda Bene\u0161e w Pradze, kt\u00f3re to wybrze\u017ce stanie si\u0119 wybrze\u017cem, a nie ulic\u0105, zaraz za lew\u0105 kraw\u0119dzi\u0105 kadru. Perspektyw\u0119 zamyka wzg\u00f3rze Pet\u0159\u00edn. I jeszcze dodam, \u017ce tramwaje o tej porze pojawiaj\u0105 si\u0119 w tym miejscu co 20 minut, a ja bardzo chcia\u0142em mie\u0107 &#8222;czyste&#8221; foto pojazdu jad\u0105cego w stron\u0119 [&hellip;]<\/p>\n","protected":false},"author":1,"featured_media":10004,"comment_status":"open","ping_status":"","sticky":false,"template":"","format":"standard","meta":{"footnotes":""},"categories":[128,77,3],"tags":[1048,49,1049,389,52,176,1496,216,841],"class_list":["post-10003","post","type-post","status-publish","format-standard","has-post-thumbnail","hentry","category-pionowe","category-rok-2011","category-tramwaj","tag-2011-07-09","tag-czechy","tag-dp-praha","tag-mijanka","tag-praga","tag-rano","tag-skoda-14t","tag-skoda-elektra","tag-tatra-t6"],"_links":{"self":[{"href":"https:\/\/wgphoto.pl\/t\/index.php?rest_route=\/wp\/v2\/posts\/10003","targetHints":{"allow":["GET"]}}],"collection":[{"href":"https:\/\/wgphoto.pl\/t\/index.php?rest_route=\/wp\/v2\/posts"}],"about":[{"href":"https:\/\/wgphoto.pl\/t\/index.php?rest_route=\/wp\/v2\/types\/post"}],"author":[{"embeddable":true,"href":"https:\/\/wgphoto.pl\/t\/index.php?rest_route=\/wp\/v2\/users\/1"}],"replies":[{"embeddable":true,"href":"https:\/\/wgphoto.pl\/t\/index.php?rest_route=%2Fwp%2Fv2%2Fcomments&post=10003"}],"version-history":[{"count":1,"href":"https:\/\/wgphoto.pl\/t\/index.php?rest_route=\/wp\/v2\/posts\/10003\/revisions"}],"predecessor-version":[{"id":10005,"href":"https:\/\/wgphoto.pl\/t\/index.php?rest_route=\/wp\/v2\/posts\/10003\/revisions\/10005"}],"wp:featuredmedia":[{"embeddable":true,"href":"https:\/\/wgphoto.pl\/t\/index.php?rest_route=\/wp\/v2\/media\/10004"}],"wp:attachment":[{"href":"https:\/\/wgphoto.pl\/t\/index.php?rest_route=%2Fwp%2Fv2%2Fmedia&parent=10003"}],"wp:term":[{"taxonomy":"category","embeddable":true,"href":"https:\/\/wgphoto.pl\/t\/index.php?rest_route=%2Fwp%2Fv2%2Fcategories&post=10003"},{"taxonomy":"post_tag","embeddable":true,"href":"https:\/\/wgphoto.pl\/t\/index.php?rest_route=%2Fwp%2Fv2%2Ftags&post=10003"}],"curies":[{"name":"wp","href":"https:\/\/api.w.org\/{rel}","templated":true}]}}