{"id":10006,"date":"2025-01-19T16:52:36","date_gmt":"2025-01-19T15:52:36","guid":{"rendered":"https:\/\/wgphoto.pl\/t\/?p=10006"},"modified":"2025-01-19T16:52:36","modified_gmt":"2025-01-19T15:52:36","slug":"plagiat-z-viktoriabron","status":"publish","type":"post","link":"https:\/\/wgphoto.pl\/t\/?p=10006","title":{"rendered":"Plagiat z Viktoriabron"},"content":{"rendered":"\n<figure class=\"wp-block-image aligncenter size-full\"><img loading=\"lazy\" decoding=\"async\" width=\"1024\" height=\"683\" src=\"https:\/\/wgphoto.pl\/t\/wp-content\/uploads\/2025\/01\/IMGP3195.jpg\" alt=\"\" class=\"wp-image-10007\" srcset=\"https:\/\/wgphoto.pl\/t\/wp-content\/uploads\/2025\/01\/IMGP3195.jpg 1024w, https:\/\/wgphoto.pl\/t\/wp-content\/uploads\/2025\/01\/IMGP3195-300x200.jpg 300w, https:\/\/wgphoto.pl\/t\/wp-content\/uploads\/2025\/01\/IMGP3195-768x512.jpg 768w\" sizes=\"auto, (max-width: 1024px) 100vw, 1024px\" \/><\/figure>\n\n\n\n<div class=\"wp-block-group has-global-padding is-layout-constrained wp-block-group-is-layout-constrained\">\n<p>G\u00f6teborg, Viktoriabron. Zestaw ponadczterdziestoletnich wagon\u00f3w przeprawia si\u0119 nad kana\u0142em Vallgraven. Podobny obrazek przywita\u0142 mnie nied\u0142ugo po przybyciu do G\u00f6teborga (umieszczono go w jakiej\u015b ulotce, kt\u00f3r\u0105 pobra\u0142em z punktu informacyjnego przy okazji zakupu biletu) i od razu postanowi\u0142em go splagiatowa\u0107. Co za\u015b si\u0119 tramwaju tyczy &#8211; po drzwiach wida\u0107, \u017ce zosta\u0142 on poddany jakiej\u015b modernizacji. Wi\u0119ksz\u0105 ciekawostk\u0105 by\u0142y sk\u0142ady, gdzie w drugim wozie tylko pierwsze AFAIR drzwi by\u0142y sterowane elektrycznie (celem umo\u017cliwienia wej\u015bcia np. z w\u00f3zkiem dzieci\u0119cym), natomiast skrzyd\u0142a pozosta\u0142ych nale\u017ca\u0142o rozci\u0105ga\u0107 r\u0119cznie, dbaj\u0105c przy tym by nie przytrzasn\u0105\u0107 nast\u0119pnego pasa\u017cera. 2011-08-21<\/p>\n<\/div>\n","protected":false},"excerpt":{"rendered":"<p>G\u00f6teborg, Viktoriabron. Zestaw ponadczterdziestoletnich wagon\u00f3w przeprawia si\u0119 nad kana\u0142em Vallgraven. Podobny obrazek przywita\u0142 mnie nied\u0142ugo po przybyciu do G\u00f6teborga (umieszczono go w jakiej\u015b ulotce, kt\u00f3r\u0105 pobra\u0142em z punktu informacyjnego przy okazji zakupu biletu) i od razu postanowi\u0142em go splagiatowa\u0107. Co za\u015b si\u0119 tramwaju tyczy &#8211; po drzwiach wida\u0107, \u017ce zosta\u0142 on poddany jakiej\u015b modernizacji. Wi\u0119ksz\u0105 [&hellip;]<\/p>\n","protected":false},"author":1,"featured_media":10007,"comment_status":"open","ping_status":"","sticky":false,"template":"","format":"standard","meta":{"footnotes":""},"categories":[77,3],"tags":[1595,1591,1594,1597,45,685],"class_list":["post-10006","post","type-post","status-publish","format-standard","has-post-thumbnail","hentry","category-rok-2011","category-tramwaj","tag-2011-08-21","tag-goteborg","tag-gs-goteborg","tag-m29","tag-most","tag-szwecja"],"_links":{"self":[{"href":"https:\/\/wgphoto.pl\/t\/index.php?rest_route=\/wp\/v2\/posts\/10006","targetHints":{"allow":["GET"]}}],"collection":[{"href":"https:\/\/wgphoto.pl\/t\/index.php?rest_route=\/wp\/v2\/posts"}],"about":[{"href":"https:\/\/wgphoto.pl\/t\/index.php?rest_route=\/wp\/v2\/types\/post"}],"author":[{"embeddable":true,"href":"https:\/\/wgphoto.pl\/t\/index.php?rest_route=\/wp\/v2\/users\/1"}],"replies":[{"embeddable":true,"href":"https:\/\/wgphoto.pl\/t\/index.php?rest_route=%2Fwp%2Fv2%2Fcomments&post=10006"}],"version-history":[{"count":1,"href":"https:\/\/wgphoto.pl\/t\/index.php?rest_route=\/wp\/v2\/posts\/10006\/revisions"}],"predecessor-version":[{"id":10008,"href":"https:\/\/wgphoto.pl\/t\/index.php?rest_route=\/wp\/v2\/posts\/10006\/revisions\/10008"}],"wp:featuredmedia":[{"embeddable":true,"href":"https:\/\/wgphoto.pl\/t\/index.php?rest_route=\/wp\/v2\/media\/10007"}],"wp:attachment":[{"href":"https:\/\/wgphoto.pl\/t\/index.php?rest_route=%2Fwp%2Fv2%2Fmedia&parent=10006"}],"wp:term":[{"taxonomy":"category","embeddable":true,"href":"https:\/\/wgphoto.pl\/t\/index.php?rest_route=%2Fwp%2Fv2%2Fcategories&post=10006"},{"taxonomy":"post_tag","embeddable":true,"href":"https:\/\/wgphoto.pl\/t\/index.php?rest_route=%2Fwp%2Fv2%2Ftags&post=10006"}],"curies":[{"name":"wp","href":"https:\/\/api.w.org\/{rel}","templated":true}]}}