{"id":10009,"date":"2025-01-19T16:53:29","date_gmt":"2025-01-19T15:53:29","guid":{"rendered":"https:\/\/wgphoto.pl\/t\/?p=10009"},"modified":"2025-01-19T16:53:29","modified_gmt":"2025-01-19T15:53:29","slug":"skandynawska-sielanka","status":"publish","type":"post","link":"https:\/\/wgphoto.pl\/t\/?p=10009","title":{"rendered":"Skandynawska sielanka"},"content":{"rendered":"\n<figure class=\"wp-block-image aligncenter size-full\"><img loading=\"lazy\" decoding=\"async\" width=\"1024\" height=\"683\" src=\"https:\/\/wgphoto.pl\/t\/wp-content\/uploads\/2025\/01\/IMGP3106.jpg\" alt=\"\" class=\"wp-image-10010\" srcset=\"https:\/\/wgphoto.pl\/t\/wp-content\/uploads\/2025\/01\/IMGP3106.jpg 1024w, https:\/\/wgphoto.pl\/t\/wp-content\/uploads\/2025\/01\/IMGP3106-300x200.jpg 300w, https:\/\/wgphoto.pl\/t\/wp-content\/uploads\/2025\/01\/IMGP3106-768x512.jpg 768w\" sizes=\"auto, (max-width: 1024px) 100vw, 1024px\" \/><\/figure>\n\n\n\n<div class=\"wp-block-group has-global-padding is-layout-constrained wp-block-group-is-layout-constrained\">\n<p>Sk\u0142ad H\u00e4gglund\u00f3w odjecha\u0142 z przystanku Tingvallsv\u00e4gen i za chwil\u0119 osi\u0105gnie p\u0119tl\u0119 \u00d6stra sjukhuset, zlokalizowan\u0105 obok szpitala Sahlgrenska, znanego z ostatniej cz\u0119sci trylogii kryminalnej &#8222;Millennium&#8221;. \ud83d\ude09 Jednego dnia fotografowa\u0142em takie skandynawskie klimaty, a nast\u0119pnego\u2026 21.08.2011<\/p>\n<\/div>\n","protected":false},"excerpt":{"rendered":"<p>Sk\u0142ad H\u00e4gglund\u00f3w odjecha\u0142 z przystanku Tingvallsv\u00e4gen i za chwil\u0119 osi\u0105gnie p\u0119tl\u0119 \u00d6stra sjukhuset, zlokalizowan\u0105 obok szpitala Sahlgrenska, znanego z ostatniej cz\u0119sci trylogii kryminalnej &#8222;Millennium&#8221;. \ud83d\ude09 Jednego dnia fotografowa\u0142em takie skandynawskie klimaty, a nast\u0119pnego\u2026 21.08.2011<\/p>\n","protected":false},"author":1,"featured_media":10010,"comment_status":"open","ping_status":"","sticky":false,"template":"","format":"standard","meta":{"footnotes":""},"categories":[77,3],"tags":[1595,1591,1594,1597,244,685],"class_list":["post-10009","post","type-post","status-publish","format-standard","has-post-thumbnail","hentry","category-rok-2011","category-tramwaj","tag-2011-08-21","tag-goteborg","tag-gs-goteborg","tag-m29","tag-skaly","tag-szwecja"],"_links":{"self":[{"href":"https:\/\/wgphoto.pl\/t\/index.php?rest_route=\/wp\/v2\/posts\/10009","targetHints":{"allow":["GET"]}}],"collection":[{"href":"https:\/\/wgphoto.pl\/t\/index.php?rest_route=\/wp\/v2\/posts"}],"about":[{"href":"https:\/\/wgphoto.pl\/t\/index.php?rest_route=\/wp\/v2\/types\/post"}],"author":[{"embeddable":true,"href":"https:\/\/wgphoto.pl\/t\/index.php?rest_route=\/wp\/v2\/users\/1"}],"replies":[{"embeddable":true,"href":"https:\/\/wgphoto.pl\/t\/index.php?rest_route=%2Fwp%2Fv2%2Fcomments&post=10009"}],"version-history":[{"count":1,"href":"https:\/\/wgphoto.pl\/t\/index.php?rest_route=\/wp\/v2\/posts\/10009\/revisions"}],"predecessor-version":[{"id":10011,"href":"https:\/\/wgphoto.pl\/t\/index.php?rest_route=\/wp\/v2\/posts\/10009\/revisions\/10011"}],"wp:featuredmedia":[{"embeddable":true,"href":"https:\/\/wgphoto.pl\/t\/index.php?rest_route=\/wp\/v2\/media\/10010"}],"wp:attachment":[{"href":"https:\/\/wgphoto.pl\/t\/index.php?rest_route=%2Fwp%2Fv2%2Fmedia&parent=10009"}],"wp:term":[{"taxonomy":"category","embeddable":true,"href":"https:\/\/wgphoto.pl\/t\/index.php?rest_route=%2Fwp%2Fv2%2Fcategories&post=10009"},{"taxonomy":"post_tag","embeddable":true,"href":"https:\/\/wgphoto.pl\/t\/index.php?rest_route=%2Fwp%2Fv2%2Ftags&post=10009"}],"curies":[{"name":"wp","href":"https:\/\/api.w.org\/{rel}","templated":true}]}}