{"id":10012,"date":"2025-01-19T16:54:29","date_gmt":"2025-01-19T15:54:29","guid":{"rendered":"https:\/\/wgphoto.pl\/t\/?p=10012"},"modified":"2025-01-19T16:54:29","modified_gmt":"2025-01-19T15:54:29","slug":"balkanski-kociol","status":"publish","type":"post","link":"https:\/\/wgphoto.pl\/t\/?p=10012","title":{"rendered":"Ba\u0142ka\u0144ski kocio\u0142"},"content":{"rendered":"\n<figure class=\"wp-block-image aligncenter size-full\"><img loading=\"lazy\" decoding=\"async\" width=\"1024\" height=\"683\" src=\"https:\/\/wgphoto.pl\/t\/wp-content\/uploads\/2025\/01\/IMGP3253.jpg\" alt=\"\" class=\"wp-image-10013\" srcset=\"https:\/\/wgphoto.pl\/t\/wp-content\/uploads\/2025\/01\/IMGP3253.jpg 1024w, https:\/\/wgphoto.pl\/t\/wp-content\/uploads\/2025\/01\/IMGP3253-300x200.jpg 300w, https:\/\/wgphoto.pl\/t\/wp-content\/uploads\/2025\/01\/IMGP3253-768x512.jpg 768w\" sizes=\"auto, (max-width: 1024px) 100vw, 1024px\" \/><\/figure>\n\n\n\n<div class=\"wp-block-group has-global-padding is-layout-constrained wp-block-group-is-layout-constrained\">\n<p>\u2026nast\u0119pnego dnia zbudzi\u0142 mnie gwar, klaksony aut, dzwonki tramwaj\u00f3w i gwizdki policjant\u00f3w kieruj\u0105cych ruchem na skrzy\u017cowaniu ulic Sawskiej i Nemanjina w Belgradzie &#8211; taki mia\u0142em bowiem widok z okna otwartego przez ca\u0142\u0105 noc (w ko\u0144cu niemal\u017ce w tropiki si\u0119 teleportowa\u0142em). 2011-08-22<\/p>\n<\/div>\n","protected":false},"excerpt":{"rendered":"<p>\u2026nast\u0119pnego dnia zbudzi\u0142 mnie gwar, klaksony aut, dzwonki tramwaj\u00f3w i gwizdki policjant\u00f3w kieruj\u0105cych ruchem na skrzy\u017cowaniu ulic Sawskiej i Nemanjina w Belgradzie &#8211; taki mia\u0142em bowiem widok z okna otwartego przez ca\u0142\u0105 noc (w ko\u0144cu niemal\u017ce w tropiki si\u0119 teleportowa\u0142em). 2011-08-22<\/p>\n","protected":false},"author":1,"featured_media":10013,"comment_status":"open","ping_status":"","sticky":false,"template":"","format":"standard","meta":{"footnotes":""},"categories":[77,3],"tags":[444,443,2968,176,442,33],"class_list":["post-10012","post","type-post","status-publish","format-standard","has-post-thumbnail","hentry","category-rok-2011","category-tramwaj","tag-2011-08-22","tag-belgrad","tag-gsp-beograd","tag-rano","tag-serbia","tag-tatra-kt4"],"_links":{"self":[{"href":"https:\/\/wgphoto.pl\/t\/index.php?rest_route=\/wp\/v2\/posts\/10012","targetHints":{"allow":["GET"]}}],"collection":[{"href":"https:\/\/wgphoto.pl\/t\/index.php?rest_route=\/wp\/v2\/posts"}],"about":[{"href":"https:\/\/wgphoto.pl\/t\/index.php?rest_route=\/wp\/v2\/types\/post"}],"author":[{"embeddable":true,"href":"https:\/\/wgphoto.pl\/t\/index.php?rest_route=\/wp\/v2\/users\/1"}],"replies":[{"embeddable":true,"href":"https:\/\/wgphoto.pl\/t\/index.php?rest_route=%2Fwp%2Fv2%2Fcomments&post=10012"}],"version-history":[{"count":1,"href":"https:\/\/wgphoto.pl\/t\/index.php?rest_route=\/wp\/v2\/posts\/10012\/revisions"}],"predecessor-version":[{"id":10014,"href":"https:\/\/wgphoto.pl\/t\/index.php?rest_route=\/wp\/v2\/posts\/10012\/revisions\/10014"}],"wp:featuredmedia":[{"embeddable":true,"href":"https:\/\/wgphoto.pl\/t\/index.php?rest_route=\/wp\/v2\/media\/10013"}],"wp:attachment":[{"href":"https:\/\/wgphoto.pl\/t\/index.php?rest_route=%2Fwp%2Fv2%2Fmedia&parent=10012"}],"wp:term":[{"taxonomy":"category","embeddable":true,"href":"https:\/\/wgphoto.pl\/t\/index.php?rest_route=%2Fwp%2Fv2%2Fcategories&post=10012"},{"taxonomy":"post_tag","embeddable":true,"href":"https:\/\/wgphoto.pl\/t\/index.php?rest_route=%2Fwp%2Fv2%2Ftags&post=10012"}],"curies":[{"name":"wp","href":"https:\/\/api.w.org\/{rel}","templated":true}]}}