{"id":10022,"date":"2025-01-19T16:58:02","date_gmt":"2025-01-19T15:58:02","guid":{"rendered":"https:\/\/wgphoto.pl\/t\/?p=10022"},"modified":"2025-01-19T16:58:02","modified_gmt":"2025-01-19T15:58:02","slug":"pod-gore-3","status":"publish","type":"post","link":"https:\/\/wgphoto.pl\/t\/?p=10022","title":{"rendered":"Pod g\u00f3r\u0119"},"content":{"rendered":"\n<figure class=\"wp-block-image aligncenter size-full\"><img loading=\"lazy\" decoding=\"async\" width=\"750\" height=\"1000\" src=\"https:\/\/wgphoto.pl\/t\/wp-content\/uploads\/2025\/01\/IMGP5516.jpg\" alt=\"\" class=\"wp-image-10023\" srcset=\"https:\/\/wgphoto.pl\/t\/wp-content\/uploads\/2025\/01\/IMGP5516.jpg 750w, https:\/\/wgphoto.pl\/t\/wp-content\/uploads\/2025\/01\/IMGP5516-225x300.jpg 225w\" sizes=\"auto, (max-width: 750px) 100vw, 750px\" \/><\/figure>\n\n\n\n<div class=\"wp-block-group has-global-padding is-layout-constrained wp-block-group-is-layout-constrained\">\n<p>Norrk\u00f6ping, Nygatan. Na po\u0142udniowo &#8211; zachodniej odnodze linii 3 istnieje kilka miejsc o ciekawym profilu torowiska. Por\u00f3wnuj\u0105c to foto z poprzednim mo\u017cna dostrzec, \u017ce ka\u017cda linia posiada tablice w odpowiednim kolorze. 2011-12-06<\/p>\n<\/div>\n","protected":false},"excerpt":{"rendered":"<p>Norrk\u00f6ping, Nygatan. Na po\u0142udniowo &#8211; zachodniej odnodze linii 3 istnieje kilka miejsc o ciekawym profilu torowiska. Por\u00f3wnuj\u0105c to foto z poprzednim mo\u017cna dostrzec, \u017ce ka\u017cda linia posiada tablice w odpowiednim kolorze. 2011-12-06<\/p>\n","protected":false},"author":1,"featured_media":10023,"comment_status":"open","ping_status":"","sticky":false,"template":"","format":"standard","meta":{"footnotes":""},"categories":[128,77,3],"tags":[1786,238,1783,118,1491,685],"class_list":["post-10022","post","type-post","status-publish","format-standard","has-post-thumbnail","hentry","category-pionowe","category-rok-2011","category-tramwaj","tag-2011-12-06","tag-gt8","tag-norrkoping","tag-plany-i-profile","tag-swiateczne-akcenty","tag-szwecja"],"_links":{"self":[{"href":"https:\/\/wgphoto.pl\/t\/index.php?rest_route=\/wp\/v2\/posts\/10022","targetHints":{"allow":["GET"]}}],"collection":[{"href":"https:\/\/wgphoto.pl\/t\/index.php?rest_route=\/wp\/v2\/posts"}],"about":[{"href":"https:\/\/wgphoto.pl\/t\/index.php?rest_route=\/wp\/v2\/types\/post"}],"author":[{"embeddable":true,"href":"https:\/\/wgphoto.pl\/t\/index.php?rest_route=\/wp\/v2\/users\/1"}],"replies":[{"embeddable":true,"href":"https:\/\/wgphoto.pl\/t\/index.php?rest_route=%2Fwp%2Fv2%2Fcomments&post=10022"}],"version-history":[{"count":1,"href":"https:\/\/wgphoto.pl\/t\/index.php?rest_route=\/wp\/v2\/posts\/10022\/revisions"}],"predecessor-version":[{"id":10024,"href":"https:\/\/wgphoto.pl\/t\/index.php?rest_route=\/wp\/v2\/posts\/10022\/revisions\/10024"}],"wp:featuredmedia":[{"embeddable":true,"href":"https:\/\/wgphoto.pl\/t\/index.php?rest_route=\/wp\/v2\/media\/10023"}],"wp:attachment":[{"href":"https:\/\/wgphoto.pl\/t\/index.php?rest_route=%2Fwp%2Fv2%2Fmedia&parent=10022"}],"wp:term":[{"taxonomy":"category","embeddable":true,"href":"https:\/\/wgphoto.pl\/t\/index.php?rest_route=%2Fwp%2Fv2%2Fcategories&post=10022"},{"taxonomy":"post_tag","embeddable":true,"href":"https:\/\/wgphoto.pl\/t\/index.php?rest_route=%2Fwp%2Fv2%2Ftags&post=10022"}],"curies":[{"name":"wp","href":"https:\/\/api.w.org\/{rel}","templated":true}]}}