{"id":10034,"date":"2025-01-19T17:01:42","date_gmt":"2025-01-19T16:01:42","guid":{"rendered":"https:\/\/wgphoto.pl\/t\/?p=10034"},"modified":"2025-01-19T17:01:42","modified_gmt":"2025-01-19T16:01:42","slug":"skandynawskie-domy","status":"publish","type":"post","link":"https:\/\/wgphoto.pl\/t\/?p=10034","title":{"rendered":"Skandynawskie domy"},"content":{"rendered":"\n<figure class=\"wp-block-image aligncenter size-full\"><img loading=\"lazy\" decoding=\"async\" width=\"1024\" height=\"685\" src=\"https:\/\/wgphoto.pl\/t\/wp-content\/uploads\/2025\/01\/IMGP5571.jpg\" alt=\"\" class=\"wp-image-10036\" srcset=\"https:\/\/wgphoto.pl\/t\/wp-content\/uploads\/2025\/01\/IMGP5571.jpg 1024w, https:\/\/wgphoto.pl\/t\/wp-content\/uploads\/2025\/01\/IMGP5571-300x201.jpg 300w, https:\/\/wgphoto.pl\/t\/wp-content\/uploads\/2025\/01\/IMGP5571-768x514.jpg 768w\" sizes=\"auto, (max-width: 1024px) 100vw, 1024px\" \/><\/figure>\n\n\n\n<div class=\"wp-block-group has-global-padding is-layout-constrained wp-block-group-is-layout-constrained\">\n<p>Norrk\u00f6ping, V\u00e4rmlandsgatan. Niskopod\u0142ogowiec z widokiem na bardzo charakterystyczne dla Skandynawii domy &#8211; g\u0142\u00f3wnie za spraw\u0105 drewnianej elewacji o specyficznej barwie. 2011-12-06<\/p>\n<\/div>\n","protected":false},"excerpt":{"rendered":"<p>Norrk\u00f6ping, V\u00e4rmlandsgatan. Niskopod\u0142ogowiec z widokiem na bardzo charakterystyczne dla Skandynawii domy &#8211; g\u0142\u00f3wnie za spraw\u0105 drewnianej elewacji o specyficznej barwie. 2011-12-06<\/p>\n","protected":false},"author":1,"featured_media":10036,"comment_status":"open","ping_status":"","sticky":false,"template":"","format":"standard","meta":{"footnotes":""},"categories":[77,3],"tags":[1786,34,1126,1783,219,685],"class_list":["post-10034","post","type-post","status-publish","format-standard","has-post-thumbnail","hentry","category-rok-2011","category-tramwaj","tag-2011-12-06","tag-architektura","tag-bombardier-flexity-classic","tag-norrkoping","tag-przystanek","tag-szwecja"],"_links":{"self":[{"href":"https:\/\/wgphoto.pl\/t\/index.php?rest_route=\/wp\/v2\/posts\/10034","targetHints":{"allow":["GET"]}}],"collection":[{"href":"https:\/\/wgphoto.pl\/t\/index.php?rest_route=\/wp\/v2\/posts"}],"about":[{"href":"https:\/\/wgphoto.pl\/t\/index.php?rest_route=\/wp\/v2\/types\/post"}],"author":[{"embeddable":true,"href":"https:\/\/wgphoto.pl\/t\/index.php?rest_route=\/wp\/v2\/users\/1"}],"replies":[{"embeddable":true,"href":"https:\/\/wgphoto.pl\/t\/index.php?rest_route=%2Fwp%2Fv2%2Fcomments&post=10034"}],"version-history":[{"count":1,"href":"https:\/\/wgphoto.pl\/t\/index.php?rest_route=\/wp\/v2\/posts\/10034\/revisions"}],"predecessor-version":[{"id":10037,"href":"https:\/\/wgphoto.pl\/t\/index.php?rest_route=\/wp\/v2\/posts\/10034\/revisions\/10037"}],"wp:featuredmedia":[{"embeddable":true,"href":"https:\/\/wgphoto.pl\/t\/index.php?rest_route=\/wp\/v2\/media\/10036"}],"wp:attachment":[{"href":"https:\/\/wgphoto.pl\/t\/index.php?rest_route=%2Fwp%2Fv2%2Fmedia&parent=10034"}],"wp:term":[{"taxonomy":"category","embeddable":true,"href":"https:\/\/wgphoto.pl\/t\/index.php?rest_route=%2Fwp%2Fv2%2Fcategories&post=10034"},{"taxonomy":"post_tag","embeddable":true,"href":"https:\/\/wgphoto.pl\/t\/index.php?rest_route=%2Fwp%2Fv2%2Ftags&post=10034"}],"curies":[{"name":"wp","href":"https:\/\/api.w.org\/{rel}","templated":true}]}}