{"id":10065,"date":"2025-01-19T17:21:19","date_gmt":"2025-01-19T16:21:19","guid":{"rendered":"https:\/\/wgphoto.pl\/t\/?p=10065"},"modified":"2025-01-19T17:21:19","modified_gmt":"2025-01-19T16:21:19","slug":"bori-les","status":"publish","type":"post","link":"https:\/\/wgphoto.pl\/t\/?p=10065","title":{"rendered":"Bo\u0159\u00ed les"},"content":{"rendered":"\n<figure class=\"wp-block-image aligncenter size-full\"><img loading=\"lazy\" decoding=\"async\" width=\"600\" height=\"850\" src=\"https:\/\/wgphoto.pl\/t\/wp-content\/uploads\/2025\/01\/IMGP4634.jpg\" alt=\"\" class=\"wp-image-10066\" srcset=\"https:\/\/wgphoto.pl\/t\/wp-content\/uploads\/2025\/01\/IMGP4634.jpg 600w, https:\/\/wgphoto.pl\/t\/wp-content\/uploads\/2025\/01\/IMGP4634-212x300.jpg 212w\" sizes=\"auto, (max-width: 600px) 100vw, 600px\" \/><\/figure>\n\n\n\n<div class=\"wp-block-group has-global-padding is-layout-constrained wp-block-group-is-layout-constrained\">\n<p>Kontynuuj\u0105c w\u0105tek kobiet pracuj\u0105cych na kolei &#8211; tym razem czeska dy\u017curna ruchu ze stacji Bo\u0159\u00ed les, dzier\u017c\u0105ca w d\u0142oni odebrany w\u0142a\u015bnie od kierownika poci\u0105gu p\u0119k kluczy zabezpieczaj\u0105cych USRK w czeskiej Lednicy. Miejscowo\u015b\u0107 ta s\u0142ynie z kompleksu pa\u0142acowo &#8211; parkowego, wpisanego na list\u0119 Unesco, a tak\u017ce z lokalizacji tam\u017ce &#8222;kolejowego ko\u0144ca \u015bwiata&#8221;, kt\u00f3ry mo\u017cna zaliczy\u0107 tylko w wakacyjne \u0142ykendy przy wykorzystaniu regularnych kurs\u00f3w z B\u0159eclavi obs\u0142ugiwanych historycznym taborem (na foto za\u0142apa\u0142 si\u0119 60-letni motorak serii M131.1, wedle nomenklatury \u010cD &#8211; 801). 14.07.2013<\/p>\n<\/div>\n","protected":false},"excerpt":{"rendered":"<p>Kontynuuj\u0105c w\u0105tek kobiet pracuj\u0105cych na kolei &#8211; tym razem czeska dy\u017curna ruchu ze stacji Bo\u0159\u00ed les, dzier\u017c\u0105ca w d\u0142oni odebrany w\u0142a\u015bnie od kierownika poci\u0105gu p\u0119k kluczy zabezpieczaj\u0105cych USRK w czeskiej Lednicy. Miejscowo\u015b\u0107 ta s\u0142ynie z kompleksu pa\u0142acowo &#8211; parkowego, wpisanego na list\u0119 Unesco, a tak\u017ce z lokalizacji tam\u017ce &#8222;kolejowego ko\u0144ca \u015bwiata&#8221;, kt\u00f3ry mo\u017cna zaliczy\u0107 tylko [&hellip;]<\/p>\n","protected":false},"author":1,"featured_media":10066,"comment_status":"open","ping_status":"","sticky":false,"template":"","format":"standard","meta":{"footnotes":""},"categories":[220,2,55],"tags":[2831,2978,50,1403,49,313,1970,139,1971],"class_list":["post-10065","post","type-post","status-publish","format-standard","has-post-thumbnail","hentry","category-blo","category-kolej","category-rok-2013","tag-2013-07-14","tag-bori-les","tag-cd","tag-csd","tag-czechy","tag-dyzurny","tag-m131","tag-retro","tag-tab-cz247"],"_links":{"self":[{"href":"https:\/\/wgphoto.pl\/t\/index.php?rest_route=\/wp\/v2\/posts\/10065","targetHints":{"allow":["GET"]}}],"collection":[{"href":"https:\/\/wgphoto.pl\/t\/index.php?rest_route=\/wp\/v2\/posts"}],"about":[{"href":"https:\/\/wgphoto.pl\/t\/index.php?rest_route=\/wp\/v2\/types\/post"}],"author":[{"embeddable":true,"href":"https:\/\/wgphoto.pl\/t\/index.php?rest_route=\/wp\/v2\/users\/1"}],"replies":[{"embeddable":true,"href":"https:\/\/wgphoto.pl\/t\/index.php?rest_route=%2Fwp%2Fv2%2Fcomments&post=10065"}],"version-history":[{"count":1,"href":"https:\/\/wgphoto.pl\/t\/index.php?rest_route=\/wp\/v2\/posts\/10065\/revisions"}],"predecessor-version":[{"id":10067,"href":"https:\/\/wgphoto.pl\/t\/index.php?rest_route=\/wp\/v2\/posts\/10065\/revisions\/10067"}],"wp:featuredmedia":[{"embeddable":true,"href":"https:\/\/wgphoto.pl\/t\/index.php?rest_route=\/wp\/v2\/media\/10066"}],"wp:attachment":[{"href":"https:\/\/wgphoto.pl\/t\/index.php?rest_route=%2Fwp%2Fv2%2Fmedia&parent=10065"}],"wp:term":[{"taxonomy":"category","embeddable":true,"href":"https:\/\/wgphoto.pl\/t\/index.php?rest_route=%2Fwp%2Fv2%2Fcategories&post=10065"},{"taxonomy":"post_tag","embeddable":true,"href":"https:\/\/wgphoto.pl\/t\/index.php?rest_route=%2Fwp%2Fv2%2Ftags&post=10065"}],"curies":[{"name":"wp","href":"https:\/\/api.w.org\/{rel}","templated":true}]}}