{"id":10068,"date":"2025-01-19T17:22:33","date_gmt":"2025-01-19T16:22:33","guid":{"rendered":"https:\/\/wgphoto.pl\/t\/?p=10068"},"modified":"2025-01-19T17:22:33","modified_gmt":"2025-01-19T16:22:33","slug":"kourim","status":"publish","type":"post","link":"https:\/\/wgphoto.pl\/t\/?p=10068","title":{"rendered":"Kou\u0159im"},"content":{"rendered":"\n<figure class=\"wp-block-image aligncenter size-full\"><img loading=\"lazy\" decoding=\"async\" width=\"1024\" height=\"683\" src=\"https:\/\/wgphoto.pl\/t\/wp-content\/uploads\/2025\/01\/IMGP4336.jpg\" alt=\"\" class=\"wp-image-10069\" srcset=\"https:\/\/wgphoto.pl\/t\/wp-content\/uploads\/2025\/01\/IMGP4336.jpg 1024w, https:\/\/wgphoto.pl\/t\/wp-content\/uploads\/2025\/01\/IMGP4336-300x200.jpg 300w, https:\/\/wgphoto.pl\/t\/wp-content\/uploads\/2025\/01\/IMGP4336-768x512.jpg 768w\" sizes=\"auto, (max-width: 1024px) 100vw, 1024px\" \/><\/figure>\n\n\n\n<div class=\"wp-block-group has-global-padding is-layout-constrained wp-block-group-is-layout-constrained\">\n<p>Poci\u0105g osobowy 19315 relacji Kou\u0159im &#8211; Pe\u010dky za kilka minut odjedzie ze stacji pocz\u0105tkowej. O tym, \u017ce jest to &#8222;koniec \u015bwiata&#8221;, \u015bwiadczy umieszczona obok wej\u015bcia do poczekalni strza\u0142ka, skierowana w tylko jedn\u0105 stron\u0119. 28.09.2011<\/p>\n<\/div>\n","protected":false},"excerpt":{"rendered":"<p>Poci\u0105g osobowy 19315 relacji Kou\u0159im &#8211; Pe\u010dky za kilka minut odjedzie ze stacji pocz\u0105tkowej. O tym, \u017ce jest to &#8222;koniec \u015bwiata&#8221;, \u015bwiadczy umieszczona obok wej\u015bcia do poczekalni strza\u0142ka, skierowana w tylko jedn\u0105 stron\u0119. 28.09.2011<\/p>\n","protected":false},"author":1,"featured_media":10069,"comment_status":"open","ping_status":"","sticky":false,"template":"","format":"standard","meta":{"footnotes":""},"categories":[2,77],"tags":[2219,92,50,49,173,2979,94,2980],"class_list":["post-10068","post","type-post","status-publish","format-standard","has-post-thumbnail","hentry","category-kolej","category-rok-2011","tag-2011-09-28","tag-92","tag-cd","tag-czechy","tag-koncowki","tag-kourim","tag-na-kolejowym-koncu-swiata","tag-tab-cz012"],"_links":{"self":[{"href":"https:\/\/wgphoto.pl\/t\/index.php?rest_route=\/wp\/v2\/posts\/10068","targetHints":{"allow":["GET"]}}],"collection":[{"href":"https:\/\/wgphoto.pl\/t\/index.php?rest_route=\/wp\/v2\/posts"}],"about":[{"href":"https:\/\/wgphoto.pl\/t\/index.php?rest_route=\/wp\/v2\/types\/post"}],"author":[{"embeddable":true,"href":"https:\/\/wgphoto.pl\/t\/index.php?rest_route=\/wp\/v2\/users\/1"}],"replies":[{"embeddable":true,"href":"https:\/\/wgphoto.pl\/t\/index.php?rest_route=%2Fwp%2Fv2%2Fcomments&post=10068"}],"version-history":[{"count":1,"href":"https:\/\/wgphoto.pl\/t\/index.php?rest_route=\/wp\/v2\/posts\/10068\/revisions"}],"predecessor-version":[{"id":10070,"href":"https:\/\/wgphoto.pl\/t\/index.php?rest_route=\/wp\/v2\/posts\/10068\/revisions\/10070"}],"wp:featuredmedia":[{"embeddable":true,"href":"https:\/\/wgphoto.pl\/t\/index.php?rest_route=\/wp\/v2\/media\/10069"}],"wp:attachment":[{"href":"https:\/\/wgphoto.pl\/t\/index.php?rest_route=%2Fwp%2Fv2%2Fmedia&parent=10068"}],"wp:term":[{"taxonomy":"category","embeddable":true,"href":"https:\/\/wgphoto.pl\/t\/index.php?rest_route=%2Fwp%2Fv2%2Fcategories&post=10068"},{"taxonomy":"post_tag","embeddable":true,"href":"https:\/\/wgphoto.pl\/t\/index.php?rest_route=%2Fwp%2Fv2%2Ftags&post=10068"}],"curies":[{"name":"wp","href":"https:\/\/api.w.org\/{rel}","templated":true}]}}