{"id":10071,"date":"2025-01-19T17:24:44","date_gmt":"2025-01-19T16:24:44","guid":{"rendered":"https:\/\/wgphoto.pl\/t\/?p=10071"},"modified":"2025-01-19T17:24:44","modified_gmt":"2025-01-19T16:24:44","slug":"lato-2008","status":"publish","type":"post","link":"https:\/\/wgphoto.pl\/t\/?p=10071","title":{"rendered":"Lato 2008"},"content":{"rendered":"\n<figure class=\"wp-block-image aligncenter size-full\"><img loading=\"lazy\" decoding=\"async\" width=\"1200\" height=\"780\" src=\"https:\/\/wgphoto.pl\/t\/wp-content\/uploads\/2025\/01\/0809-21.jpg\" alt=\"\" class=\"wp-image-10072\" srcset=\"https:\/\/wgphoto.pl\/t\/wp-content\/uploads\/2025\/01\/0809-21.jpg 1200w, https:\/\/wgphoto.pl\/t\/wp-content\/uploads\/2025\/01\/0809-21-300x195.jpg 300w, https:\/\/wgphoto.pl\/t\/wp-content\/uploads\/2025\/01\/0809-21-768x499.jpg 768w\" sizes=\"auto, (max-width: 1200px) 100vw, 1200px\" \/><\/figure>\n\n\n\n<div class=\"wp-block-group has-global-padding is-layout-constrained wp-block-group-is-layout-constrained\">\n<p>ET22-1153 z poci\u0105giem pospiesznym 18505 z \u0141odzi Kaliskiej i Warszawy Wschodniej do Ko\u0142obrzegu pokonuj\u0105c most na Radwi zbli\u017ca si\u0119 do Karlina. 2008-08-06<\/p>\n<\/div>\n","protected":false},"excerpt":{"rendered":"<p>ET22-1153 z poci\u0105giem pospiesznym 18505 z \u0141odzi Kaliskiej i Warszawy Wschodniej do Ko\u0142obrzegu pokonuj\u0105c most na Radwi zbli\u017ca si\u0119 do Karlina. 2008-08-06<\/p>\n","protected":false},"author":1,"featured_media":10072,"comment_status":"open","ping_status":"","sticky":false,"template":"","format":"standard","meta":{"footnotes":""},"categories":[62,2,120],"tags":[123,26,121,45,63,27,2981],"class_list":["post-10071","post","type-post","status-publish","format-standard","has-post-thumbnail","hentry","category-analog","category-kolej","category-rok-2008","tag-2008-08-06","tag-et22","tag-karlino","tag-most","tag-pkp","tag-polska","tag-tab-pl340"],"_links":{"self":[{"href":"https:\/\/wgphoto.pl\/t\/index.php?rest_route=\/wp\/v2\/posts\/10071","targetHints":{"allow":["GET"]}}],"collection":[{"href":"https:\/\/wgphoto.pl\/t\/index.php?rest_route=\/wp\/v2\/posts"}],"about":[{"href":"https:\/\/wgphoto.pl\/t\/index.php?rest_route=\/wp\/v2\/types\/post"}],"author":[{"embeddable":true,"href":"https:\/\/wgphoto.pl\/t\/index.php?rest_route=\/wp\/v2\/users\/1"}],"replies":[{"embeddable":true,"href":"https:\/\/wgphoto.pl\/t\/index.php?rest_route=%2Fwp%2Fv2%2Fcomments&post=10071"}],"version-history":[{"count":1,"href":"https:\/\/wgphoto.pl\/t\/index.php?rest_route=\/wp\/v2\/posts\/10071\/revisions"}],"predecessor-version":[{"id":10073,"href":"https:\/\/wgphoto.pl\/t\/index.php?rest_route=\/wp\/v2\/posts\/10071\/revisions\/10073"}],"wp:featuredmedia":[{"embeddable":true,"href":"https:\/\/wgphoto.pl\/t\/index.php?rest_route=\/wp\/v2\/media\/10072"}],"wp:attachment":[{"href":"https:\/\/wgphoto.pl\/t\/index.php?rest_route=%2Fwp%2Fv2%2Fmedia&parent=10071"}],"wp:term":[{"taxonomy":"category","embeddable":true,"href":"https:\/\/wgphoto.pl\/t\/index.php?rest_route=%2Fwp%2Fv2%2Fcategories&post=10071"},{"taxonomy":"post_tag","embeddable":true,"href":"https:\/\/wgphoto.pl\/t\/index.php?rest_route=%2Fwp%2Fv2%2Ftags&post=10071"}],"curies":[{"name":"wp","href":"https:\/\/api.w.org\/{rel}","templated":true}]}}