{"id":10098,"date":"2025-01-19T22:45:03","date_gmt":"2025-01-19T21:45:03","guid":{"rendered":"https:\/\/wgphoto.pl\/t\/?p=10098"},"modified":"2025-01-19T22:45:03","modified_gmt":"2025-01-19T21:45:03","slug":"gare-de-noisy-le-sec","status":"publish","type":"post","link":"https:\/\/wgphoto.pl\/t\/?p=10098","title":{"rendered":"Gare de Noisy-le-Sec"},"content":{"rendered":"\n<figure class=\"wp-block-image aligncenter size-full\"><img loading=\"lazy\" decoding=\"async\" width=\"1200\" height=\"800\" src=\"https:\/\/wgphoto.pl\/t\/wp-content\/uploads\/2025\/01\/IMGP6582.jpg\" alt=\"\" class=\"wp-image-10099\" srcset=\"https:\/\/wgphoto.pl\/t\/wp-content\/uploads\/2025\/01\/IMGP6582.jpg 1200w, https:\/\/wgphoto.pl\/t\/wp-content\/uploads\/2025\/01\/IMGP6582-300x200.jpg 300w, https:\/\/wgphoto.pl\/t\/wp-content\/uploads\/2025\/01\/IMGP6582-768x512.jpg 768w\" sizes=\"auto, (max-width: 1200px) 100vw, 1200px\" \/><\/figure>\n\n\n\n<div class=\"wp-block-group has-global-padding is-layout-constrained wp-block-group-is-layout-constrained\">\n<p>Kilka przystank\u00f3w dalej wzgl\u0119dem poprzednich zdj\u0119\u0107 ten sam patron, Jean Jaur\u00e8s, te\u017c posiada swoj\u0105 ulic\u0119 (tym razem ulic\u0119 zamiast alei). Jeste\u015bmy ju\u017c jednak w kolejnym mie\u015bcie satelickim &#8211; Noisy-le-Sec, gdzie przy dworcu kolejowym zorganizowano kraniec linii T1. 2010-09-01<\/p>\n<\/div>\n","protected":false},"excerpt":{"rendered":"<p>Kilka przystank\u00f3w dalej wzgl\u0119dem poprzednich zdj\u0119\u0107 ten sam patron, Jean Jaur\u00e8s, te\u017c posiada swoj\u0105 ulic\u0119 (tym razem ulic\u0119 zamiast alei). Jeste\u015bmy ju\u017c jednak w kolejnym mie\u015bcie satelickim &#8211; Noisy-le-Sec, gdzie przy dworcu kolejowym zorganizowano kraniec linii T1. 2010-09-01<\/p>\n","protected":false},"author":1,"featured_media":10099,"comment_status":"open","ping_status":"","sticky":false,"template":"","format":"standard","meta":{"footnotes":""},"categories":[86,3],"tags":[414,415,416,2983],"class_list":["post-10098","post","type-post","status-publish","format-standard","has-post-thumbnail","hentry","category-rok-2010","category-tramwaj","tag-2010-09-01","tag-francja","tag-paryz","tag-ratp-paris"],"_links":{"self":[{"href":"https:\/\/wgphoto.pl\/t\/index.php?rest_route=\/wp\/v2\/posts\/10098","targetHints":{"allow":["GET"]}}],"collection":[{"href":"https:\/\/wgphoto.pl\/t\/index.php?rest_route=\/wp\/v2\/posts"}],"about":[{"href":"https:\/\/wgphoto.pl\/t\/index.php?rest_route=\/wp\/v2\/types\/post"}],"author":[{"embeddable":true,"href":"https:\/\/wgphoto.pl\/t\/index.php?rest_route=\/wp\/v2\/users\/1"}],"replies":[{"embeddable":true,"href":"https:\/\/wgphoto.pl\/t\/index.php?rest_route=%2Fwp%2Fv2%2Fcomments&post=10098"}],"version-history":[{"count":1,"href":"https:\/\/wgphoto.pl\/t\/index.php?rest_route=\/wp\/v2\/posts\/10098\/revisions"}],"predecessor-version":[{"id":10100,"href":"https:\/\/wgphoto.pl\/t\/index.php?rest_route=\/wp\/v2\/posts\/10098\/revisions\/10100"}],"wp:featuredmedia":[{"embeddable":true,"href":"https:\/\/wgphoto.pl\/t\/index.php?rest_route=\/wp\/v2\/media\/10099"}],"wp:attachment":[{"href":"https:\/\/wgphoto.pl\/t\/index.php?rest_route=%2Fwp%2Fv2%2Fmedia&parent=10098"}],"wp:term":[{"taxonomy":"category","embeddable":true,"href":"https:\/\/wgphoto.pl\/t\/index.php?rest_route=%2Fwp%2Fv2%2Fcategories&post=10098"},{"taxonomy":"post_tag","embeddable":true,"href":"https:\/\/wgphoto.pl\/t\/index.php?rest_route=%2Fwp%2Fv2%2Ftags&post=10098"}],"curies":[{"name":"wp","href":"https:\/\/api.w.org\/{rel}","templated":true}]}}