{"id":10101,"date":"2025-01-19T22:45:58","date_gmt":"2025-01-19T21:45:58","guid":{"rendered":"https:\/\/wgphoto.pl\/t\/?p=10101"},"modified":"2025-01-19T22:45:58","modified_gmt":"2025-01-19T21:45:58","slug":"troche-srodmiescia","status":"publish","type":"post","link":"https:\/\/wgphoto.pl\/t\/?p=10101","title":{"rendered":"Troch\u0119 \u015br\u00f3dmie\u015bcia"},"content":{"rendered":"\n<figure class=\"wp-block-image aligncenter size-full\"><img loading=\"lazy\" decoding=\"async\" width=\"1200\" height=\"800\" src=\"https:\/\/wgphoto.pl\/t\/wp-content\/uploads\/2025\/01\/IMGP6662.jpg\" alt=\"\" class=\"wp-image-10102\" srcset=\"https:\/\/wgphoto.pl\/t\/wp-content\/uploads\/2025\/01\/IMGP6662.jpg 1200w, https:\/\/wgphoto.pl\/t\/wp-content\/uploads\/2025\/01\/IMGP6662-300x200.jpg 300w, https:\/\/wgphoto.pl\/t\/wp-content\/uploads\/2025\/01\/IMGP6662-768x512.jpg 768w\" sizes=\"auto, (max-width: 1200px) 100vw, 1200px\" \/><\/figure>\n\n\n\n<div class=\"wp-block-group has-global-padding is-layout-constrained wp-block-group-is-layout-constrained\">\n<p>Pary\u017c, Porte de Versailles. Linia T2 zosta\u0142a otwarta w 1997 roku. Znaczn\u0105 cz\u0119\u015b\u0107 trasy poprowadzono \u015bladem dawnej linii kolejowej, st\u0105d te\u017c zapewne tak d\u0142ugie sk\u0142ady, kt\u00f3re w ruchu ulicznym by\u0142yby dosy\u0107 uci\u0105\u017cliwe. Na zdj\u0119ciu prezentowany jest \u015br\u00f3dmiejski kraniec, st\u0105d te\u017c brak postkolejowych atrybut\u00f3w w kadrze. Miejsce to natomiast o\u015bmielam si\u0119 nazwa\u0107 &#8222;\u015br\u00f3dmie\u015bciem&#8221;, gdy\u017c admnistracyjnie jest to Pary\u017c sam osobi\u015bcie, a wi\u0119c, jak by nie patrze\u0107, centrum 9-milionowej aglomeracji. 2010-09-01<\/p>\n<\/div>\n","protected":false},"excerpt":{"rendered":"<p>Pary\u017c, Porte de Versailles. Linia T2 zosta\u0142a otwarta w 1997 roku. Znaczn\u0105 cz\u0119\u015b\u0107 trasy poprowadzono \u015bladem dawnej linii kolejowej, st\u0105d te\u017c zapewne tak d\u0142ugie sk\u0142ady, kt\u00f3re w ruchu ulicznym by\u0142yby dosy\u0107 uci\u0105\u017cliwe. Na zdj\u0119ciu prezentowany jest \u015br\u00f3dmiejski kraniec, st\u0105d te\u017c brak postkolejowych atrybut\u00f3w w kadrze. Miejsce to natomiast o\u015bmielam si\u0119 nazwa\u0107 &#8222;\u015br\u00f3dmie\u015bciem&#8221;, gdy\u017c admnistracyjnie jest [&hellip;]<\/p>\n","protected":false},"author":1,"featured_media":10102,"comment_status":"open","ping_status":"","sticky":false,"template":"","format":"standard","meta":{"footnotes":""},"categories":[86,3],"tags":[414,170,415,416,143,2983],"class_list":["post-10101","post","type-post","status-publish","format-standard","has-post-thumbnail","hentry","category-rok-2010","category-tramwaj","tag-2010-09-01","tag-alstom-citadis302","tag-francja","tag-paryz","tag-ponad-30m","tag-ratp-paris"],"_links":{"self":[{"href":"https:\/\/wgphoto.pl\/t\/index.php?rest_route=\/wp\/v2\/posts\/10101","targetHints":{"allow":["GET"]}}],"collection":[{"href":"https:\/\/wgphoto.pl\/t\/index.php?rest_route=\/wp\/v2\/posts"}],"about":[{"href":"https:\/\/wgphoto.pl\/t\/index.php?rest_route=\/wp\/v2\/types\/post"}],"author":[{"embeddable":true,"href":"https:\/\/wgphoto.pl\/t\/index.php?rest_route=\/wp\/v2\/users\/1"}],"replies":[{"embeddable":true,"href":"https:\/\/wgphoto.pl\/t\/index.php?rest_route=%2Fwp%2Fv2%2Fcomments&post=10101"}],"version-history":[{"count":1,"href":"https:\/\/wgphoto.pl\/t\/index.php?rest_route=\/wp\/v2\/posts\/10101\/revisions"}],"predecessor-version":[{"id":10103,"href":"https:\/\/wgphoto.pl\/t\/index.php?rest_route=\/wp\/v2\/posts\/10101\/revisions\/10103"}],"wp:featuredmedia":[{"embeddable":true,"href":"https:\/\/wgphoto.pl\/t\/index.php?rest_route=\/wp\/v2\/media\/10102"}],"wp:attachment":[{"href":"https:\/\/wgphoto.pl\/t\/index.php?rest_route=%2Fwp%2Fv2%2Fmedia&parent=10101"}],"wp:term":[{"taxonomy":"category","embeddable":true,"href":"https:\/\/wgphoto.pl\/t\/index.php?rest_route=%2Fwp%2Fv2%2Fcategories&post=10101"},{"taxonomy":"post_tag","embeddable":true,"href":"https:\/\/wgphoto.pl\/t\/index.php?rest_route=%2Fwp%2Fv2%2Ftags&post=10101"}],"curies":[{"name":"wp","href":"https:\/\/api.w.org\/{rel}","templated":true}]}}