{"id":10110,"date":"2025-01-19T22:49:33","date_gmt":"2025-01-19T21:49:33","guid":{"rendered":"https:\/\/wgphoto.pl\/t\/?p=10110"},"modified":"2025-01-19T22:49:33","modified_gmt":"2025-01-19T21:49:33","slug":"wypadki-chodza-po-tramwajach-2","status":"publish","type":"post","link":"https:\/\/wgphoto.pl\/t\/?p=10110","title":{"rendered":"Wypadki chodz\u0105 po tramwajach"},"content":{"rendered":"\n<figure class=\"wp-block-image aligncenter size-full\"><img loading=\"lazy\" decoding=\"async\" width=\"1200\" height=\"900\" src=\"https:\/\/wgphoto.pl\/t\/wp-content\/uploads\/2025\/01\/IMGP5683-1.jpg\" alt=\"\" class=\"wp-image-10111\" srcset=\"https:\/\/wgphoto.pl\/t\/wp-content\/uploads\/2025\/01\/IMGP5683-1.jpg 1200w, https:\/\/wgphoto.pl\/t\/wp-content\/uploads\/2025\/01\/IMGP5683-1-300x225.jpg 300w, https:\/\/wgphoto.pl\/t\/wp-content\/uploads\/2025\/01\/IMGP5683-1-768x576.jpg 768w\" sizes=\"auto, (max-width: 1200px) 100vw, 1200px\" \/><\/figure>\n\n\n\n<div class=\"wp-block-group has-global-padding is-layout-constrained wp-block-group-is-layout-constrained\">\n<p>Sk\u0142ad Bombardier\u00f3w wje\u017cd\u017ca w Gro\u00dfe Ulrichstra\u00dfe &#8211; kolejny deptak z tramwajem w Halle(Saale), z powodu ciasnej zabudowy nadaj\u0105cy si\u0119 do fotografowania raczej w pochmurne dni. Wpisuj\u0105c w wyszukiwark\u0119 nazw\u0119 ulicy, z kt\u00f3rej tramwaj w\u0142a\u015bnie wyjecha\u0142 &#8211; Kleinschmieden &#8211; mo\u017cna znale\u017a\u0107 m.in. <a href=\"http:\/\/www.supersonntag-web.de\/autothumb\/620x400\/Entgleiste_Strassenbahn_IMG_20160615_WA0000.jpg\">takie obrazki<\/a>. Skoro s\u0105 tak wysoko pozycjonowane, o wypadku, kt\u00f3ry wydarzy\u0142 si\u0119 na widocznym rozje\u017adzie, musia\u0142o by\u0107 g\u0142o\u015bno. Bior\u0105c jednak pod uwag\u0119, jak tutejsi motorniczowie zapieprzaj\u0105 po tych ciasnych \u0142ukach, wcale si\u0119 temu nie dziwi\u0119. 2016-08-13<\/p>\n<\/div>\n","protected":false},"excerpt":{"rendered":"<p>Sk\u0142ad Bombardier\u00f3w wje\u017cd\u017ca w Gro\u00dfe Ulrichstra\u00dfe &#8211; kolejny deptak z tramwajem w Halle(Saale), z powodu ciasnej zabudowy nadaj\u0105cy si\u0119 do fotografowania raczej w pochmurne dni. Wpisuj\u0105c w wyszukiwark\u0119 nazw\u0119 ulicy, z kt\u00f3rej tramwaj w\u0142a\u015bnie wyjecha\u0142 &#8211; Kleinschmieden &#8211; mo\u017cna znale\u017a\u0107 m.in. takie obrazki. Skoro s\u0105 tak wysoko pozycjonowane, o wypadku, kt\u00f3ry wydarzy\u0142 si\u0119 na widocznym [&hellip;]<\/p>\n","protected":false},"author":1,"featured_media":10111,"comment_status":"open","ping_status":"","sticky":false,"template":"","format":"standard","meta":{"footnotes":""},"categories":[125,3],"tags":[1184,34,1126,1182,1183,23,143],"class_list":["post-10110","post","type-post","status-publish","format-standard","has-post-thumbnail","hentry","category-rok-2016","category-tramwaj","tag-2016-08-13","tag-architektura","tag-bombardier-flexity-classic","tag-halle","tag-hawag-halle","tag-niemcy","tag-ponad-30m"],"_links":{"self":[{"href":"https:\/\/wgphoto.pl\/t\/index.php?rest_route=\/wp\/v2\/posts\/10110","targetHints":{"allow":["GET"]}}],"collection":[{"href":"https:\/\/wgphoto.pl\/t\/index.php?rest_route=\/wp\/v2\/posts"}],"about":[{"href":"https:\/\/wgphoto.pl\/t\/index.php?rest_route=\/wp\/v2\/types\/post"}],"author":[{"embeddable":true,"href":"https:\/\/wgphoto.pl\/t\/index.php?rest_route=\/wp\/v2\/users\/1"}],"replies":[{"embeddable":true,"href":"https:\/\/wgphoto.pl\/t\/index.php?rest_route=%2Fwp%2Fv2%2Fcomments&post=10110"}],"version-history":[{"count":1,"href":"https:\/\/wgphoto.pl\/t\/index.php?rest_route=\/wp\/v2\/posts\/10110\/revisions"}],"predecessor-version":[{"id":10112,"href":"https:\/\/wgphoto.pl\/t\/index.php?rest_route=\/wp\/v2\/posts\/10110\/revisions\/10112"}],"wp:featuredmedia":[{"embeddable":true,"href":"https:\/\/wgphoto.pl\/t\/index.php?rest_route=\/wp\/v2\/media\/10111"}],"wp:attachment":[{"href":"https:\/\/wgphoto.pl\/t\/index.php?rest_route=%2Fwp%2Fv2%2Fmedia&parent=10110"}],"wp:term":[{"taxonomy":"category","embeddable":true,"href":"https:\/\/wgphoto.pl\/t\/index.php?rest_route=%2Fwp%2Fv2%2Fcategories&post=10110"},{"taxonomy":"post_tag","embeddable":true,"href":"https:\/\/wgphoto.pl\/t\/index.php?rest_route=%2Fwp%2Fv2%2Ftags&post=10110"}],"curies":[{"name":"wp","href":"https:\/\/api.w.org\/{rel}","templated":true}]}}