{"id":10116,"date":"2025-01-19T22:51:51","date_gmt":"2025-01-19T21:51:51","guid":{"rendered":"https:\/\/wgphoto.pl\/t\/?p=10116"},"modified":"2025-01-19T22:51:51","modified_gmt":"2025-01-19T21:51:51","slug":"eklektyzm-czesciowo-zasloniety","status":"publish","type":"post","link":"https:\/\/wgphoto.pl\/t\/?p=10116","title":{"rendered":"Eklektyzm cz\u0119\u015bciowo zas\u0142oni\u0119ty"},"content":{"rendered":"\n<figure class=\"wp-block-image aligncenter size-full\"><img loading=\"lazy\" decoding=\"async\" width=\"1200\" height=\"795\" src=\"https:\/\/wgphoto.pl\/t\/wp-content\/uploads\/2025\/01\/IMGP5710.jpg\" alt=\"\" class=\"wp-image-10117\" srcset=\"https:\/\/wgphoto.pl\/t\/wp-content\/uploads\/2025\/01\/IMGP5710.jpg 1200w, https:\/\/wgphoto.pl\/t\/wp-content\/uploads\/2025\/01\/IMGP5710-300x199.jpg 300w, https:\/\/wgphoto.pl\/t\/wp-content\/uploads\/2025\/01\/IMGP5710-768x509.jpg 768w\" sizes=\"auto, (max-width: 1200px) 100vw, 1200px\" \/><\/figure>\n\n\n\n<div class=\"wp-block-group has-global-padding is-layout-constrained wp-block-group-is-layout-constrained\">\n<p>Halle(Saale), Klausbr\u00fccke. To mia\u0142o by\u0107 foto z eklektyczn\u0105 zabudow\u0105, ale tramwaj w kadrze okaza\u0142 si\u0119 by\u0107 zbyt du\u017cy i prawie zas\u0142oni\u0142 stoj\u0105cy w tle niewysoki bloczek z wielkiej p\u0142yty. 2016-08-13<\/p>\n<\/div>\n","protected":false},"excerpt":{"rendered":"<p>Halle(Saale), Klausbr\u00fccke. To mia\u0142o by\u0107 foto z eklektyczn\u0105 zabudow\u0105, ale tramwaj w kadrze okaza\u0142 si\u0119 by\u0107 zbyt du\u017cy i prawie zas\u0142oni\u0142 stoj\u0105cy w tle niewysoki bloczek z wielkiej p\u0142yty. 2016-08-13<\/p>\n","protected":false},"author":1,"featured_media":10117,"comment_status":"open","ping_status":"","sticky":false,"template":"","format":"standard","meta":{"footnotes":""},"categories":[125,3],"tags":[1184,1802,1182,1183,23],"class_list":["post-10116","post","type-post","status-publish","format-standard","has-post-thumbnail","hentry","category-rok-2016","category-tramwaj","tag-2016-08-13","tag-duewag-ngtx","tag-halle","tag-hawag-halle","tag-niemcy"],"_links":{"self":[{"href":"https:\/\/wgphoto.pl\/t\/index.php?rest_route=\/wp\/v2\/posts\/10116","targetHints":{"allow":["GET"]}}],"collection":[{"href":"https:\/\/wgphoto.pl\/t\/index.php?rest_route=\/wp\/v2\/posts"}],"about":[{"href":"https:\/\/wgphoto.pl\/t\/index.php?rest_route=\/wp\/v2\/types\/post"}],"author":[{"embeddable":true,"href":"https:\/\/wgphoto.pl\/t\/index.php?rest_route=\/wp\/v2\/users\/1"}],"replies":[{"embeddable":true,"href":"https:\/\/wgphoto.pl\/t\/index.php?rest_route=%2Fwp%2Fv2%2Fcomments&post=10116"}],"version-history":[{"count":1,"href":"https:\/\/wgphoto.pl\/t\/index.php?rest_route=\/wp\/v2\/posts\/10116\/revisions"}],"predecessor-version":[{"id":10118,"href":"https:\/\/wgphoto.pl\/t\/index.php?rest_route=\/wp\/v2\/posts\/10116\/revisions\/10118"}],"wp:featuredmedia":[{"embeddable":true,"href":"https:\/\/wgphoto.pl\/t\/index.php?rest_route=\/wp\/v2\/media\/10117"}],"wp:attachment":[{"href":"https:\/\/wgphoto.pl\/t\/index.php?rest_route=%2Fwp%2Fv2%2Fmedia&parent=10116"}],"wp:term":[{"taxonomy":"category","embeddable":true,"href":"https:\/\/wgphoto.pl\/t\/index.php?rest_route=%2Fwp%2Fv2%2Fcategories&post=10116"},{"taxonomy":"post_tag","embeddable":true,"href":"https:\/\/wgphoto.pl\/t\/index.php?rest_route=%2Fwp%2Fv2%2Ftags&post=10116"}],"curies":[{"name":"wp","href":"https:\/\/api.w.org\/{rel}","templated":true}]}}