{"id":10122,"date":"2025-01-19T22:53:59","date_gmt":"2025-01-19T21:53:59","guid":{"rendered":"https:\/\/wgphoto.pl\/t\/?p=10122"},"modified":"2025-01-19T22:53:59","modified_gmt":"2025-01-19T21:53:59","slug":"nie-ma-lizbony-bez-tramwajow","status":"publish","type":"post","link":"https:\/\/wgphoto.pl\/t\/?p=10122","title":{"rendered":"Nie ma Lizbony bez tramwaj\u00f3w"},"content":{"rendered":"\n<figure class=\"wp-block-image aligncenter size-full\"><img loading=\"lazy\" decoding=\"async\" width=\"1200\" height=\"805\" src=\"https:\/\/wgphoto.pl\/t\/wp-content\/uploads\/2025\/01\/IMGP7456.jpg\" alt=\"\" class=\"wp-image-10123\" srcset=\"https:\/\/wgphoto.pl\/t\/wp-content\/uploads\/2025\/01\/IMGP7456.jpg 1200w, https:\/\/wgphoto.pl\/t\/wp-content\/uploads\/2025\/01\/IMGP7456-300x201.jpg 300w, https:\/\/wgphoto.pl\/t\/wp-content\/uploads\/2025\/01\/IMGP7456-768x515.jpg 768w\" sizes=\"auto, (max-width: 1200px) 100vw, 1200px\" \/><\/figure>\n\n\n\n<div class=\"wp-block-group has-global-padding is-layout-constrained wp-block-group-is-layout-constrained\">\n<p>Lizbona, Rua dos Poiais de S\u00e3o Bento.<br>Tym razem wzi\u0119\u0142o mnie na Lizbon\u0119 za spraw\u0105 natr\u0119tnie wpadaj\u0105cego mi ostatnio w oko no\u015bnika reklamuj\u0105cego koncerty fado, na kt\u00f3rym motywem przewodnim jest nic innego jak widok w\u0105skiej ulicy z charakterystycznymi \u017c\u00f3\u0142tymi wagonikami. 2010-09-07<\/p>\n<\/div>\n","protected":false},"excerpt":{"rendered":"<p>Lizbona, Rua dos Poiais de S\u00e3o Bento.Tym razem wzi\u0119\u0142o mnie na Lizbon\u0119 za spraw\u0105 natr\u0119tnie wpadaj\u0105cego mi ostatnio w oko no\u015bnika reklamuj\u0105cego koncerty fado, na kt\u00f3rym motywem przewodnim jest nic innego jak widok w\u0105skiej ulicy z charakterystycznymi \u017c\u00f3\u0142tymi wagonikami. 2010-09-07<\/p>\n","protected":false},"author":1,"featured_media":10123,"comment_status":"open","ping_status":"","sticky":false,"template":"","format":"standard","meta":{"footnotes":""},"categories":[86,3],"tags":[1430,299,298,297,588],"class_list":["post-10122","post","type-post","status-publish","format-standard","has-post-thumbnail","hentry","category-rok-2010","category-tramwaj","tag-2010-09-07","tag-carris-lisboa","tag-lizbona","tag-portugalia","tag-remodelado"],"_links":{"self":[{"href":"https:\/\/wgphoto.pl\/t\/index.php?rest_route=\/wp\/v2\/posts\/10122","targetHints":{"allow":["GET"]}}],"collection":[{"href":"https:\/\/wgphoto.pl\/t\/index.php?rest_route=\/wp\/v2\/posts"}],"about":[{"href":"https:\/\/wgphoto.pl\/t\/index.php?rest_route=\/wp\/v2\/types\/post"}],"author":[{"embeddable":true,"href":"https:\/\/wgphoto.pl\/t\/index.php?rest_route=\/wp\/v2\/users\/1"}],"replies":[{"embeddable":true,"href":"https:\/\/wgphoto.pl\/t\/index.php?rest_route=%2Fwp%2Fv2%2Fcomments&post=10122"}],"version-history":[{"count":1,"href":"https:\/\/wgphoto.pl\/t\/index.php?rest_route=\/wp\/v2\/posts\/10122\/revisions"}],"predecessor-version":[{"id":10124,"href":"https:\/\/wgphoto.pl\/t\/index.php?rest_route=\/wp\/v2\/posts\/10122\/revisions\/10124"}],"wp:featuredmedia":[{"embeddable":true,"href":"https:\/\/wgphoto.pl\/t\/index.php?rest_route=\/wp\/v2\/media\/10123"}],"wp:attachment":[{"href":"https:\/\/wgphoto.pl\/t\/index.php?rest_route=%2Fwp%2Fv2%2Fmedia&parent=10122"}],"wp:term":[{"taxonomy":"category","embeddable":true,"href":"https:\/\/wgphoto.pl\/t\/index.php?rest_route=%2Fwp%2Fv2%2Fcategories&post=10122"},{"taxonomy":"post_tag","embeddable":true,"href":"https:\/\/wgphoto.pl\/t\/index.php?rest_route=%2Fwp%2Fv2%2Ftags&post=10122"}],"curies":[{"name":"wp","href":"https:\/\/api.w.org\/{rel}","templated":true}]}}