{"id":10128,"date":"2025-01-19T22:56:14","date_gmt":"2025-01-19T21:56:14","guid":{"rendered":"https:\/\/wgphoto.pl\/t\/?p=10128"},"modified":"2025-01-19T22:56:14","modified_gmt":"2025-01-19T21:56:14","slug":"stromo","status":"publish","type":"post","link":"https:\/\/wgphoto.pl\/t\/?p=10128","title":{"rendered":"Stromo"},"content":{"rendered":"\n<figure class=\"wp-block-image aligncenter size-full\"><img loading=\"lazy\" decoding=\"async\" width=\"1200\" height=\"795\" src=\"https:\/\/wgphoto.pl\/t\/wp-content\/uploads\/2025\/01\/IMGP7407.jpg\" alt=\"\" class=\"wp-image-10129\" srcset=\"https:\/\/wgphoto.pl\/t\/wp-content\/uploads\/2025\/01\/IMGP7407.jpg 1200w, https:\/\/wgphoto.pl\/t\/wp-content\/uploads\/2025\/01\/IMGP7407-300x199.jpg 300w, https:\/\/wgphoto.pl\/t\/wp-content\/uploads\/2025\/01\/IMGP7407-768x509.jpg 768w\" sizes=\"auto, (max-width: 1200px) 100vw, 1200px\" \/><\/figure>\n\n\n\n<div class=\"wp-block-group has-global-padding is-layout-constrained wp-block-group-is-layout-constrained\">\n<p>Wagon 572 wspina si\u0119 Cal\u00e7ada da Ajuda, jak nazwa ulicy wskazuje, w kierunku Ajudy. Zjazd tramwajem t\u0119dy to musi by\u0107 niez\u0142y strach w oczach. 2010-09-07<\/p>\n<\/div>\n","protected":false},"excerpt":{"rendered":"<p>Wagon 572 wspina si\u0119 Cal\u00e7ada da Ajuda, jak nazwa ulicy wskazuje, w kierunku Ajudy. Zjazd tramwajem t\u0119dy to musi by\u0107 niez\u0142y strach w oczach. 2010-09-07<\/p>\n","protected":false},"author":1,"featured_media":10129,"comment_status":"open","ping_status":"","sticky":false,"template":"","format":"standard","meta":{"footnotes":""},"categories":[86,3],"tags":[1430,299,298,118,297,588,73],"class_list":["post-10128","post","type-post","status-publish","format-standard","has-post-thumbnail","hentry","category-rok-2010","category-tramwaj","tag-2010-09-07","tag-carris-lisboa","tag-lizbona","tag-plany-i-profile","tag-portugalia","tag-remodelado","tag-rzeka"],"_links":{"self":[{"href":"https:\/\/wgphoto.pl\/t\/index.php?rest_route=\/wp\/v2\/posts\/10128","targetHints":{"allow":["GET"]}}],"collection":[{"href":"https:\/\/wgphoto.pl\/t\/index.php?rest_route=\/wp\/v2\/posts"}],"about":[{"href":"https:\/\/wgphoto.pl\/t\/index.php?rest_route=\/wp\/v2\/types\/post"}],"author":[{"embeddable":true,"href":"https:\/\/wgphoto.pl\/t\/index.php?rest_route=\/wp\/v2\/users\/1"}],"replies":[{"embeddable":true,"href":"https:\/\/wgphoto.pl\/t\/index.php?rest_route=%2Fwp%2Fv2%2Fcomments&post=10128"}],"version-history":[{"count":1,"href":"https:\/\/wgphoto.pl\/t\/index.php?rest_route=\/wp\/v2\/posts\/10128\/revisions"}],"predecessor-version":[{"id":10130,"href":"https:\/\/wgphoto.pl\/t\/index.php?rest_route=\/wp\/v2\/posts\/10128\/revisions\/10130"}],"wp:featuredmedia":[{"embeddable":true,"href":"https:\/\/wgphoto.pl\/t\/index.php?rest_route=\/wp\/v2\/media\/10129"}],"wp:attachment":[{"href":"https:\/\/wgphoto.pl\/t\/index.php?rest_route=%2Fwp%2Fv2%2Fmedia&parent=10128"}],"wp:term":[{"taxonomy":"category","embeddable":true,"href":"https:\/\/wgphoto.pl\/t\/index.php?rest_route=%2Fwp%2Fv2%2Fcategories&post=10128"},{"taxonomy":"post_tag","embeddable":true,"href":"https:\/\/wgphoto.pl\/t\/index.php?rest_route=%2Fwp%2Fv2%2Ftags&post=10128"}],"curies":[{"name":"wp","href":"https:\/\/api.w.org\/{rel}","templated":true}]}}