{"id":10169,"date":"2025-01-20T15:48:38","date_gmt":"2025-01-20T14:48:38","guid":{"rendered":"https:\/\/wgphoto.pl\/t\/?p=10169"},"modified":"2025-01-20T15:49:01","modified_gmt":"2025-01-20T14:49:01","slug":"tureckie-krajobrazy-z-niemieckimi-detalami","status":"publish","type":"post","link":"https:\/\/wgphoto.pl\/t\/?p=10169","title":{"rendered":"Tureckie krajobrazy z niemieckimi detalami"},"content":{"rendered":"\n<figure class=\"wp-block-image aligncenter size-full\"><img loading=\"lazy\" decoding=\"async\" width=\"1200\" height=\"795\" src=\"https:\/\/wgphoto.pl\/t\/wp-content\/uploads\/2025\/01\/IMGP7917.jpg\" alt=\"\" class=\"wp-image-10170\" srcset=\"https:\/\/wgphoto.pl\/t\/wp-content\/uploads\/2025\/01\/IMGP7917.jpg 1200w, https:\/\/wgphoto.pl\/t\/wp-content\/uploads\/2025\/01\/IMGP7917-300x199.jpg 300w, https:\/\/wgphoto.pl\/t\/wp-content\/uploads\/2025\/01\/IMGP7917-768x509.jpg 768w\" sizes=\"auto, (max-width: 1200px) 100vw, 1200px\" \/><\/figure>\n\n\n\n<div class=\"wp-block-group has-global-padding is-layout-constrained wp-block-group-is-layout-constrained\">\n<p>Jeden z niewielu moment\u00f3w, gdy trasa BursaRay odkleja si\u0119 od &#8222;autostrady&#8221;, na moment wznosi si\u0119 na wy\u017cyny by zaraz wjecha\u0107 w tunel, wywija si\u0119 na chwil\u0119 przeciwnie do pasma g\u00f3r i na dodatek ma tu przystanek, z kt\u00f3rego mo\u017cna wykona\u0107 takie foto &#8222;na wsiadanego&#8221;. W kadrze uwag\u0119 zwracaj\u0105 r\u00f3wnie\u017c wska\u017aniki znane nam z polskich szlak\u00f3w kolejowych. Wsp\u00f3lnym mianownikiem polskich i tureckich znak\u00f3w jest ich niemiecki rodow\u00f3d. 2016-10-09<\/p>\n<\/div>\n","protected":false},"excerpt":{"rendered":"<p>Jeden z niewielu moment\u00f3w, gdy trasa BursaRay odkleja si\u0119 od &#8222;autostrady&#8221;, na moment wznosi si\u0119 na wy\u017cyny by zaraz wjecha\u0107 w tunel, wywija si\u0119 na chwil\u0119 przeciwnie do pasma g\u00f3r i na dodatek ma tu przystanek, z kt\u00f3rego mo\u017cna wykona\u0107 takie foto &#8222;na wsiadanego&#8221;. W kadrze uwag\u0119 zwracaj\u0105 r\u00f3wnie\u017c wska\u017aniki znane nam z polskich szlak\u00f3w [&hellip;]<\/p>\n","protected":false},"author":1,"featured_media":10170,"comment_status":"open","ping_status":"","sticky":false,"template":"","format":"standard","meta":{"footnotes":""},"categories":[4,125],"tags":[987,683,986,1872,114,927,931],"class_list":["post-10169","post","type-post","status-publish","format-standard","has-post-thumbnail","hentry","category-metro","category-rok-2016","tag-2016-10-09","tag-bombardier-flexity-swift","tag-bursa","tag-bursaray","tag-gory","tag-turcja","tag-turcja-2016"],"_links":{"self":[{"href":"https:\/\/wgphoto.pl\/t\/index.php?rest_route=\/wp\/v2\/posts\/10169","targetHints":{"allow":["GET"]}}],"collection":[{"href":"https:\/\/wgphoto.pl\/t\/index.php?rest_route=\/wp\/v2\/posts"}],"about":[{"href":"https:\/\/wgphoto.pl\/t\/index.php?rest_route=\/wp\/v2\/types\/post"}],"author":[{"embeddable":true,"href":"https:\/\/wgphoto.pl\/t\/index.php?rest_route=\/wp\/v2\/users\/1"}],"replies":[{"embeddable":true,"href":"https:\/\/wgphoto.pl\/t\/index.php?rest_route=%2Fwp%2Fv2%2Fcomments&post=10169"}],"version-history":[{"count":1,"href":"https:\/\/wgphoto.pl\/t\/index.php?rest_route=\/wp\/v2\/posts\/10169\/revisions"}],"predecessor-version":[{"id":10171,"href":"https:\/\/wgphoto.pl\/t\/index.php?rest_route=\/wp\/v2\/posts\/10169\/revisions\/10171"}],"wp:featuredmedia":[{"embeddable":true,"href":"https:\/\/wgphoto.pl\/t\/index.php?rest_route=\/wp\/v2\/media\/10170"}],"wp:attachment":[{"href":"https:\/\/wgphoto.pl\/t\/index.php?rest_route=%2Fwp%2Fv2%2Fmedia&parent=10169"}],"wp:term":[{"taxonomy":"category","embeddable":true,"href":"https:\/\/wgphoto.pl\/t\/index.php?rest_route=%2Fwp%2Fv2%2Fcategories&post=10169"},{"taxonomy":"post_tag","embeddable":true,"href":"https:\/\/wgphoto.pl\/t\/index.php?rest_route=%2Fwp%2Fv2%2Ftags&post=10169"}],"curies":[{"name":"wp","href":"https:\/\/api.w.org\/{rel}","templated":true}]}}