{"id":10175,"date":"2025-01-20T15:51:31","date_gmt":"2025-01-20T14:51:31","guid":{"rendered":"https:\/\/wgphoto.pl\/t\/?p=10175"},"modified":"2025-01-20T15:51:31","modified_gmt":"2025-01-20T14:51:31","slug":"niedwudziestka","status":"publish","type":"post","link":"https:\/\/wgphoto.pl\/t\/?p=10175","title":{"rendered":"Niedwudziestka"},"content":{"rendered":"\n<figure class=\"wp-block-image aligncenter size-full\"><img loading=\"lazy\" decoding=\"async\" width=\"662\" height=\"1000\" src=\"https:\/\/wgphoto.pl\/t\/wp-content\/uploads\/2025\/01\/IMGP8039.jpg\" alt=\"\" class=\"wp-image-10176\" srcset=\"https:\/\/wgphoto.pl\/t\/wp-content\/uploads\/2025\/01\/IMGP8039.jpg 662w, https:\/\/wgphoto.pl\/t\/wp-content\/uploads\/2025\/01\/IMGP8039-199x300.jpg 199w\" sizes=\"auto, (max-width: 662px) 100vw, 662px\" \/><\/figure>\n\n\n\n<div class=\"wp-block-group has-global-padding is-layout-constrained wp-block-group-is-layout-constrained\">\n<p>Linia ok\u00f3lna, wbrew widocznemu numerowi, na oficjalnych schematach nosi oznaczenie T3. \u0141\u0105czy dzielnic\u0119 Moda z najwa\u017cniejszym chyba w\u0119z\u0142em komunikacyjnym na wschodnim brzegu Bosforu &#8211; Kadik\u00f6y, sk\u0105d odp\u0142ywaj\u0105 liczne promy do europejskiej cz\u0119\u015bci miasta, mie\u015bci si\u0119 pocz\u0105tkowa stacja jedynej (jeszcze) linii metra w azjatyckiej cz\u0119\u015bci oraz znajduje si\u0119 ogromna p\u0119tla autobusowa. Tutaj tramwaj sfotografowano na ulicy Genera\u0142a As\u0131ma G\u00fcnd\u00fcza, stanowi\u0105cej wspomniany wczoraj deptak, poniewa\u017c jest to jedno z niewielu miejsc, gdzie mo\u017cna mie\u0107 przynajmniej nadziej\u0119, \u017ce w kadr nie wjad\u0105 nagle jakie\u015b przeszkadzajki (chyba \u017ce jad\u0105 tu\u017c przed tramwajem, co w tym przypadku na szcz\u0119\u015bcie nie wyst\u0105pi\u0142o). 10.10.2016<\/p>\n<\/div>\n","protected":false},"excerpt":{"rendered":"<p>Linia ok\u00f3lna, wbrew widocznemu numerowi, na oficjalnych schematach nosi oznaczenie T3. \u0141\u0105czy dzielnic\u0119 Moda z najwa\u017cniejszym chyba w\u0119z\u0142em komunikacyjnym na wschodnim brzegu Bosforu &#8211; Kadik\u00f6y, sk\u0105d odp\u0142ywaj\u0105 liczne promy do europejskiej cz\u0119\u015bci miasta, mie\u015bci si\u0119 pocz\u0105tkowa stacja jedynej (jeszcze) linii metra w azjatyckiej cz\u0119\u015bci oraz znajduje si\u0119 ogromna p\u0119tla autobusowa. Tutaj tramwaj sfotografowano na ulicy [&hellip;]<\/p>\n","protected":false},"author":1,"featured_media":10176,"comment_status":"open","ping_status":"","sticky":false,"template":"","format":"standard","meta":{"footnotes":""},"categories":[128,125,3],"tags":[2386,239,2150,1670,927,931],"class_list":["post-10175","post","type-post","status-publish","format-standard","has-post-thumbnail","hentry","category-pionowe","category-rok-2016","category-tramwaj","tag-2016-10-10","tag-deptak","tag-gotha-t57","tag-stambul","tag-turcja","tag-turcja-2016"],"_links":{"self":[{"href":"https:\/\/wgphoto.pl\/t\/index.php?rest_route=\/wp\/v2\/posts\/10175","targetHints":{"allow":["GET"]}}],"collection":[{"href":"https:\/\/wgphoto.pl\/t\/index.php?rest_route=\/wp\/v2\/posts"}],"about":[{"href":"https:\/\/wgphoto.pl\/t\/index.php?rest_route=\/wp\/v2\/types\/post"}],"author":[{"embeddable":true,"href":"https:\/\/wgphoto.pl\/t\/index.php?rest_route=\/wp\/v2\/users\/1"}],"replies":[{"embeddable":true,"href":"https:\/\/wgphoto.pl\/t\/index.php?rest_route=%2Fwp%2Fv2%2Fcomments&post=10175"}],"version-history":[{"count":1,"href":"https:\/\/wgphoto.pl\/t\/index.php?rest_route=\/wp\/v2\/posts\/10175\/revisions"}],"predecessor-version":[{"id":10177,"href":"https:\/\/wgphoto.pl\/t\/index.php?rest_route=\/wp\/v2\/posts\/10175\/revisions\/10177"}],"wp:featuredmedia":[{"embeddable":true,"href":"https:\/\/wgphoto.pl\/t\/index.php?rest_route=\/wp\/v2\/media\/10176"}],"wp:attachment":[{"href":"https:\/\/wgphoto.pl\/t\/index.php?rest_route=%2Fwp%2Fv2%2Fmedia&parent=10175"}],"wp:term":[{"taxonomy":"category","embeddable":true,"href":"https:\/\/wgphoto.pl\/t\/index.php?rest_route=%2Fwp%2Fv2%2Fcategories&post=10175"},{"taxonomy":"post_tag","embeddable":true,"href":"https:\/\/wgphoto.pl\/t\/index.php?rest_route=%2Fwp%2Fv2%2Ftags&post=10175"}],"curies":[{"name":"wp","href":"https:\/\/api.w.org\/{rel}","templated":true}]}}