{"id":10178,"date":"2025-01-20T15:52:41","date_gmt":"2025-01-20T14:52:41","guid":{"rendered":"https:\/\/wgphoto.pl\/t\/?p=10178"},"modified":"2025-01-20T15:52:41","modified_gmt":"2025-01-20T14:52:41","slug":"bosfor","status":"publish","type":"post","link":"https:\/\/wgphoto.pl\/t\/?p=10178","title":{"rendered":"Bosfor"},"content":{"rendered":"\n<figure class=\"wp-block-image aligncenter size-full\"><img loading=\"lazy\" decoding=\"async\" width=\"700\" height=\"1057\" src=\"https:\/\/wgphoto.pl\/t\/wp-content\/uploads\/2025\/01\/IMGP7120.jpg\" alt=\"\" class=\"wp-image-10179\" srcset=\"https:\/\/wgphoto.pl\/t\/wp-content\/uploads\/2025\/01\/IMGP7120.jpg 700w, https:\/\/wgphoto.pl\/t\/wp-content\/uploads\/2025\/01\/IMGP7120-199x300.jpg 199w\" sizes=\"auto, (max-width: 700px) 100vw, 700px\" \/><\/figure>\n\n\n\n<div class=\"wp-block-group has-global-padding is-layout-constrained wp-block-group-is-layout-constrained\">\n<p>Mimo \u017ce niedaleko B\u0142\u0119kitnego Meczetu przeje\u017cd\u017ca &#8222;wsp\u00f3\u0142czesny&#8221; tramwaj, nie da si\u0119 go sfotografowa\u0107 z t\u0105 budowl\u0105. Jest to jednak mo\u017cliwe przy wykorzystaniu &#8222;nostalgicznego tramwaju&#8221; na drugim brzegu Bosforu. 05.10.2016<\/p>\n<\/div>\n","protected":false},"excerpt":{"rendered":"<p>Mimo \u017ce niedaleko B\u0142\u0119kitnego Meczetu przeje\u017cd\u017ca &#8222;wsp\u00f3\u0142czesny&#8221; tramwaj, nie da si\u0119 go sfotografowa\u0107 z t\u0105 budowl\u0105. Jest to jednak mo\u017cliwe przy wykorzystaniu &#8222;nostalgicznego tramwaju&#8221; na drugim brzegu Bosforu. 05.10.2016<\/p>\n","protected":false},"author":1,"featured_media":10179,"comment_status":"open","ping_status":"","sticky":false,"template":"","format":"standard","meta":{"footnotes":""},"categories":[128,125,3],"tags":[1671,34,2150,116,1670,927,931],"class_list":["post-10178","post","type-post","status-publish","format-standard","has-post-thumbnail","hentry","category-pionowe","category-rok-2016","category-tramwaj","tag-2016-10-05","tag-architektura","tag-gotha-t57","tag-morze","tag-stambul","tag-turcja","tag-turcja-2016"],"_links":{"self":[{"href":"https:\/\/wgphoto.pl\/t\/index.php?rest_route=\/wp\/v2\/posts\/10178","targetHints":{"allow":["GET"]}}],"collection":[{"href":"https:\/\/wgphoto.pl\/t\/index.php?rest_route=\/wp\/v2\/posts"}],"about":[{"href":"https:\/\/wgphoto.pl\/t\/index.php?rest_route=\/wp\/v2\/types\/post"}],"author":[{"embeddable":true,"href":"https:\/\/wgphoto.pl\/t\/index.php?rest_route=\/wp\/v2\/users\/1"}],"replies":[{"embeddable":true,"href":"https:\/\/wgphoto.pl\/t\/index.php?rest_route=%2Fwp%2Fv2%2Fcomments&post=10178"}],"version-history":[{"count":1,"href":"https:\/\/wgphoto.pl\/t\/index.php?rest_route=\/wp\/v2\/posts\/10178\/revisions"}],"predecessor-version":[{"id":10180,"href":"https:\/\/wgphoto.pl\/t\/index.php?rest_route=\/wp\/v2\/posts\/10178\/revisions\/10180"}],"wp:featuredmedia":[{"embeddable":true,"href":"https:\/\/wgphoto.pl\/t\/index.php?rest_route=\/wp\/v2\/media\/10179"}],"wp:attachment":[{"href":"https:\/\/wgphoto.pl\/t\/index.php?rest_route=%2Fwp%2Fv2%2Fmedia&parent=10178"}],"wp:term":[{"taxonomy":"category","embeddable":true,"href":"https:\/\/wgphoto.pl\/t\/index.php?rest_route=%2Fwp%2Fv2%2Fcategories&post=10178"},{"taxonomy":"post_tag","embeddable":true,"href":"https:\/\/wgphoto.pl\/t\/index.php?rest_route=%2Fwp%2Fv2%2Ftags&post=10178"}],"curies":[{"name":"wp","href":"https:\/\/api.w.org\/{rel}","templated":true}]}}