{"id":10181,"date":"2025-01-20T15:53:38","date_gmt":"2025-01-20T14:53:38","guid":{"rendered":"https:\/\/wgphoto.pl\/t\/?p=10181"},"modified":"2025-01-20T15:53:38","modified_gmt":"2025-01-20T14:53:38","slug":"powrot-w-niemiecka-nude","status":"publish","type":"post","link":"https:\/\/wgphoto.pl\/t\/?p=10181","title":{"rendered":"Powr\u00f3t w niemieck\u0105 nud\u0119"},"content":{"rendered":"\n<figure class=\"wp-block-image aligncenter size-full\"><img loading=\"lazy\" decoding=\"async\" width=\"1200\" height=\"803\" src=\"https:\/\/wgphoto.pl\/t\/wp-content\/uploads\/2025\/01\/IMGP3122.jpg\" alt=\"\" class=\"wp-image-10182\" srcset=\"https:\/\/wgphoto.pl\/t\/wp-content\/uploads\/2025\/01\/IMGP3122.jpg 1200w, https:\/\/wgphoto.pl\/t\/wp-content\/uploads\/2025\/01\/IMGP3122-300x201.jpg 300w, https:\/\/wgphoto.pl\/t\/wp-content\/uploads\/2025\/01\/IMGP3122-768x514.jpg 768w\" sizes=\"auto, (max-width: 1200px) 100vw, 1200px\" \/><\/figure>\n\n\n\n<div class=\"wp-block-group has-global-padding is-layout-constrained wp-block-group-is-layout-constrained\">\n<p>Koniec tej tureckiej nudy &#8211; Goth\u0105 wracamy do Woltersdorfu, sk\u0105d zreszt\u0105 pochodzi chyba kilka woz\u00f3w kursuj\u0105cych obecnie w Turcji. Zajezdnia tej male\u0144kiej sieci tramwajowej prezentuje standard, jakiego pozazdro\u015bci\u0142oby niejedno du\u017ce polskie miasto. Jednocze\u015bnie uwag\u0119 zwraca tu brak parcia na walory historyczne &#8211; kocie \u0142by nie musz\u0105 wcale le\u017ce\u0107 mi\u0119dzy szynami do ko\u0144ca \u015bwiata. 2013-04-30<\/p>\n<\/div>\n","protected":false},"excerpt":{"rendered":"<p>Koniec tej tureckiej nudy &#8211; Goth\u0105 wracamy do Woltersdorfu, sk\u0105d zreszt\u0105 pochodzi chyba kilka woz\u00f3w kursuj\u0105cych obecnie w Turcji. Zajezdnia tej male\u0144kiej sieci tramwajowej prezentuje standard, jakiego pozazdro\u015bci\u0142oby niejedno du\u017ce polskie miasto. Jednocze\u015bnie uwag\u0119 zwraca tu brak parcia na walory historyczne &#8211; kocie \u0142by nie musz\u0105 wcale le\u017ce\u0107 mi\u0119dzy szynami do ko\u0144ca \u015bwiata. 2013-04-30<\/p>\n","protected":false},"author":1,"featured_media":10182,"comment_status":"open","ping_status":"","sticky":false,"template":"","format":"standard","meta":{"footnotes":""},"categories":[55,3],"tags":[642,2150,640,23,2148,138],"class_list":["post-10181","post","type-post","status-publish","format-standard","has-post-thumbnail","hentry","category-rok-2013","category-tramwaj","tag-2013-04-30","tag-gotha-t57","tag-majowka-2013","tag-niemcy","tag-woltersdorf","tag-zajezdnia"],"_links":{"self":[{"href":"https:\/\/wgphoto.pl\/t\/index.php?rest_route=\/wp\/v2\/posts\/10181","targetHints":{"allow":["GET"]}}],"collection":[{"href":"https:\/\/wgphoto.pl\/t\/index.php?rest_route=\/wp\/v2\/posts"}],"about":[{"href":"https:\/\/wgphoto.pl\/t\/index.php?rest_route=\/wp\/v2\/types\/post"}],"author":[{"embeddable":true,"href":"https:\/\/wgphoto.pl\/t\/index.php?rest_route=\/wp\/v2\/users\/1"}],"replies":[{"embeddable":true,"href":"https:\/\/wgphoto.pl\/t\/index.php?rest_route=%2Fwp%2Fv2%2Fcomments&post=10181"}],"version-history":[{"count":1,"href":"https:\/\/wgphoto.pl\/t\/index.php?rest_route=\/wp\/v2\/posts\/10181\/revisions"}],"predecessor-version":[{"id":10183,"href":"https:\/\/wgphoto.pl\/t\/index.php?rest_route=\/wp\/v2\/posts\/10181\/revisions\/10183"}],"wp:featuredmedia":[{"embeddable":true,"href":"https:\/\/wgphoto.pl\/t\/index.php?rest_route=\/wp\/v2\/media\/10182"}],"wp:attachment":[{"href":"https:\/\/wgphoto.pl\/t\/index.php?rest_route=%2Fwp%2Fv2%2Fmedia&parent=10181"}],"wp:term":[{"taxonomy":"category","embeddable":true,"href":"https:\/\/wgphoto.pl\/t\/index.php?rest_route=%2Fwp%2Fv2%2Fcategories&post=10181"},{"taxonomy":"post_tag","embeddable":true,"href":"https:\/\/wgphoto.pl\/t\/index.php?rest_route=%2Fwp%2Fv2%2Ftags&post=10181"}],"curies":[{"name":"wp","href":"https:\/\/api.w.org\/{rel}","templated":true}]}}