{"id":1021,"date":"2024-10-01T20:06:15","date_gmt":"2024-10-01T18:06:15","guid":{"rendered":"https:\/\/wgphoto.pl\/t\/?p=1021"},"modified":"2024-10-01T20:06:15","modified_gmt":"2024-10-01T18:06:15","slug":"srodmiejski-zgielk-i-dobre-swiatlo","status":"publish","type":"post","link":"https:\/\/wgphoto.pl\/t\/?p=1021","title":{"rendered":"\u015ar\u00f3dmiejski zgie\u0142k i dobre \u015bwiat\u0142o"},"content":{"rendered":"\n<figure class=\"wp-block-image aligncenter size-full\"><img loading=\"lazy\" decoding=\"async\" width=\"1200\" height=\"795\" src=\"https:\/\/wgphoto.pl\/t\/wp-content\/uploads\/2024\/10\/IMGP1755.jpg\" alt=\"\" class=\"wp-image-1022\" srcset=\"https:\/\/wgphoto.pl\/t\/wp-content\/uploads\/2024\/10\/IMGP1755.jpg 1200w, https:\/\/wgphoto.pl\/t\/wp-content\/uploads\/2024\/10\/IMGP1755-300x199.jpg 300w, https:\/\/wgphoto.pl\/t\/wp-content\/uploads\/2024\/10\/IMGP1755-768x509.jpg 768w\" sizes=\"auto, (max-width: 1200px) 100vw, 1200px\" \/><\/figure>\n\n\n\n<div class=\"wp-block-group has-global-padding is-layout-constrained wp-block-group-is-layout-constrained\">\n<p>Zagrzeb, Ilica. Stercza\u0142em tam chwil\u0119 czekaj\u0105c na dobre \u015bwiat\u0142o. Ciemno\u015b\u0107 mi\u0119dzy kamienicami i bia\u0142e niebo nie by\u0142y zadowalaj\u0105ce, ale na chwil\u0119 w momencie przejazdu tramwaju przy\u015bwieci\u0142o lekkie s\u0142o\u0144ce, wydobywaj\u0105c g\u0142\u0119bi\u0119 z tego kadru. 17.08.2015<\/p>\n<\/div>\n","protected":false},"excerpt":{"rendered":"<p>Zagrzeb, Ilica. Stercza\u0142em tam chwil\u0119 czekaj\u0105c na dobre \u015bwiat\u0142o. Ciemno\u015b\u0107 mi\u0119dzy kamienicami i bia\u0142e niebo nie by\u0142y zadowalaj\u0105ce, ale na chwil\u0119 w momencie przejazdu tramwaju przy\u015bwieci\u0142o lekkie s\u0142o\u0144ce, wydobywaj\u0105c g\u0142\u0119bi\u0119 z tego kadru. 17.08.2015<\/p>\n","protected":false},"author":1,"featured_media":1022,"comment_status":"open","ping_status":"","sticky":false,"template":"","format":"standard","meta":{"footnotes":""},"categories":[104,3],"tags":[479,34,459,476,107,477,478],"class_list":["post-1021","post","type-post","status-publish","format-standard","has-post-thumbnail","hentry","category-rok-2015","category-tramwaj","tag-2015-08-17","tag-architektura","tag-chorwacja","tag-crotram","tag-wakacje-2015","tag-zagrzeb","tag-zet-zagreb"],"_links":{"self":[{"href":"https:\/\/wgphoto.pl\/t\/index.php?rest_route=\/wp\/v2\/posts\/1021","targetHints":{"allow":["GET"]}}],"collection":[{"href":"https:\/\/wgphoto.pl\/t\/index.php?rest_route=\/wp\/v2\/posts"}],"about":[{"href":"https:\/\/wgphoto.pl\/t\/index.php?rest_route=\/wp\/v2\/types\/post"}],"author":[{"embeddable":true,"href":"https:\/\/wgphoto.pl\/t\/index.php?rest_route=\/wp\/v2\/users\/1"}],"replies":[{"embeddable":true,"href":"https:\/\/wgphoto.pl\/t\/index.php?rest_route=%2Fwp%2Fv2%2Fcomments&post=1021"}],"version-history":[{"count":1,"href":"https:\/\/wgphoto.pl\/t\/index.php?rest_route=\/wp\/v2\/posts\/1021\/revisions"}],"predecessor-version":[{"id":1023,"href":"https:\/\/wgphoto.pl\/t\/index.php?rest_route=\/wp\/v2\/posts\/1021\/revisions\/1023"}],"wp:featuredmedia":[{"embeddable":true,"href":"https:\/\/wgphoto.pl\/t\/index.php?rest_route=\/wp\/v2\/media\/1022"}],"wp:attachment":[{"href":"https:\/\/wgphoto.pl\/t\/index.php?rest_route=%2Fwp%2Fv2%2Fmedia&parent=1021"}],"wp:term":[{"taxonomy":"category","embeddable":true,"href":"https:\/\/wgphoto.pl\/t\/index.php?rest_route=%2Fwp%2Fv2%2Fcategories&post=1021"},{"taxonomy":"post_tag","embeddable":true,"href":"https:\/\/wgphoto.pl\/t\/index.php?rest_route=%2Fwp%2Fv2%2Ftags&post=1021"}],"curies":[{"name":"wp","href":"https:\/\/api.w.org\/{rel}","templated":true}]}}