{"id":10246,"date":"2025-01-22T20:02:19","date_gmt":"2025-01-22T19:02:19","guid":{"rendered":"https:\/\/wgphoto.pl\/t\/?p=10246"},"modified":"2025-01-22T21:01:28","modified_gmt":"2025-01-22T20:01:28","slug":"blekit-w-tunelu","status":"publish","type":"post","link":"https:\/\/wgphoto.pl\/t\/?p=10246","title":{"rendered":"B\u0142\u0119kit w tunelu"},"content":{"rendered":"\n<figure class=\"wp-block-image aligncenter size-full\"><img loading=\"lazy\" decoding=\"async\" width=\"1400\" height=\"927\" src=\"https:\/\/wgphoto.pl\/t\/wp-content\/uploads\/2025\/01\/IMGP7845.jpg\" alt=\"\" class=\"wp-image-10266\" srcset=\"https:\/\/wgphoto.pl\/t\/wp-content\/uploads\/2025\/01\/IMGP7845.jpg 1400w, https:\/\/wgphoto.pl\/t\/wp-content\/uploads\/2025\/01\/IMGP7845-300x199.jpg 300w, https:\/\/wgphoto.pl\/t\/wp-content\/uploads\/2025\/01\/IMGP7845-768x509.jpg 768w\" sizes=\"auto, (max-width: 1400px) 100vw, 1400px\" \/><\/figure>\n\n\n\n<div class=\"wp-block-group has-global-padding is-layout-constrained wp-block-group-is-layout-constrained\">\n<p>Wn\u0119trze 25-letniego wagonu mediola\u0144skiego metra. Jak na sw\u00f3j wiek, ca\u0142kiem przyjemne. 04.11.2014<\/p>\n<\/div>\n","protected":false},"excerpt":{"rendered":"<p>Wn\u0119trze 25-letniego wagonu mediola\u0144skiego metra. Jak na sw\u00f3j wiek, ca\u0142kiem przyjemne. 04.11.2014<\/p>\n","protected":false},"author":1,"featured_media":10266,"comment_status":"open","ping_status":"","sticky":false,"template":"","format":"standard","meta":{"footnotes":""},"categories":[220,4,48],"tags":[2818,834,835,2999,223,110,454],"class_list":["post-10246","post","type-post","status-publish","format-standard","has-post-thumbnail","hentry","category-blo","category-metro","category-rok-2014","tag-2014-11-04","tag-atm-milano","tag-mediolan","tag-metropolitana-di-milano","tag-symetria","tag-wlochy","tag-wnetrza-pojazdow"],"_links":{"self":[{"href":"https:\/\/wgphoto.pl\/t\/index.php?rest_route=\/wp\/v2\/posts\/10246","targetHints":{"allow":["GET"]}}],"collection":[{"href":"https:\/\/wgphoto.pl\/t\/index.php?rest_route=\/wp\/v2\/posts"}],"about":[{"href":"https:\/\/wgphoto.pl\/t\/index.php?rest_route=\/wp\/v2\/types\/post"}],"author":[{"embeddable":true,"href":"https:\/\/wgphoto.pl\/t\/index.php?rest_route=\/wp\/v2\/users\/1"}],"replies":[{"embeddable":true,"href":"https:\/\/wgphoto.pl\/t\/index.php?rest_route=%2Fwp%2Fv2%2Fcomments&post=10246"}],"version-history":[{"count":2,"href":"https:\/\/wgphoto.pl\/t\/index.php?rest_route=\/wp\/v2\/posts\/10246\/revisions"}],"predecessor-version":[{"id":10267,"href":"https:\/\/wgphoto.pl\/t\/index.php?rest_route=\/wp\/v2\/posts\/10246\/revisions\/10267"}],"wp:featuredmedia":[{"embeddable":true,"href":"https:\/\/wgphoto.pl\/t\/index.php?rest_route=\/wp\/v2\/media\/10266"}],"wp:attachment":[{"href":"https:\/\/wgphoto.pl\/t\/index.php?rest_route=%2Fwp%2Fv2%2Fmedia&parent=10246"}],"wp:term":[{"taxonomy":"category","embeddable":true,"href":"https:\/\/wgphoto.pl\/t\/index.php?rest_route=%2Fwp%2Fv2%2Fcategories&post=10246"},{"taxonomy":"post_tag","embeddable":true,"href":"https:\/\/wgphoto.pl\/t\/index.php?rest_route=%2Fwp%2Fv2%2Ftags&post=10246"}],"curies":[{"name":"wp","href":"https:\/\/api.w.org\/{rel}","templated":true}]}}