{"id":10249,"date":"2025-01-22T20:03:33","date_gmt":"2025-01-22T19:03:33","guid":{"rendered":"https:\/\/wgphoto.pl\/t\/?p=10249"},"modified":"2025-01-22T21:01:07","modified_gmt":"2025-01-22T20:01:07","slug":"dergano","status":"publish","type":"post","link":"https:\/\/wgphoto.pl\/t\/?p=10249","title":{"rendered":"Dergano"},"content":{"rendered":"\n<figure class=\"wp-block-image aligncenter size-full\"><img loading=\"lazy\" decoding=\"async\" width=\"1400\" height=\"927\" src=\"https:\/\/wgphoto.pl\/t\/wp-content\/uploads\/2025\/01\/IMGP7846.jpg\" alt=\"\" class=\"wp-image-10264\" srcset=\"https:\/\/wgphoto.pl\/t\/wp-content\/uploads\/2025\/01\/IMGP7846.jpg 1400w, https:\/\/wgphoto.pl\/t\/wp-content\/uploads\/2025\/01\/IMGP7846-300x199.jpg 300w, https:\/\/wgphoto.pl\/t\/wp-content\/uploads\/2025\/01\/IMGP7846-768x509.jpg 768w\" sizes=\"auto, (max-width: 1400px) 100vw, 1400px\" \/><\/figure>\n\n\n\n<div class=\"wp-block-group has-global-padding is-layout-constrained wp-block-group-is-layout-constrained\">\n<p>W opisie poprzedniego zdj\u0119cia by\u0142a mowa o metrze, nie mo\u017ce zatem zabrakn\u0105\u0107 zdj\u0119cia z undergroundu. \ud83d\ude09 Poci\u0105g linii M3 wje\u017cd\u017ca na stacj\u0119 Dergano. 04.11.2014<\/p>\n<\/div>\n","protected":false},"excerpt":{"rendered":"<p>W opisie poprzedniego zdj\u0119cia by\u0142a mowa o metrze, nie mo\u017ce zatem zabrakn\u0105\u0107 zdj\u0119cia z undergroundu. \ud83d\ude09 Poci\u0105g linii M3 wje\u017cd\u017ca na stacj\u0119 Dergano. 04.11.2014<\/p>\n","protected":false},"author":1,"featured_media":10264,"comment_status":"open","ping_status":"","sticky":false,"template":"","format":"standard","meta":{"footnotes":""},"categories":[4,48],"tags":[2818,834,835,2999,15,110],"class_list":["post-10249","post","type-post","status-publish","format-standard","has-post-thumbnail","hentry","category-metro","category-rok-2014","tag-2014-11-04","tag-atm-milano","tag-mediolan","tag-metropolitana-di-milano","tag-tunel","tag-wlochy"],"_links":{"self":[{"href":"https:\/\/wgphoto.pl\/t\/index.php?rest_route=\/wp\/v2\/posts\/10249","targetHints":{"allow":["GET"]}}],"collection":[{"href":"https:\/\/wgphoto.pl\/t\/index.php?rest_route=\/wp\/v2\/posts"}],"about":[{"href":"https:\/\/wgphoto.pl\/t\/index.php?rest_route=\/wp\/v2\/types\/post"}],"author":[{"embeddable":true,"href":"https:\/\/wgphoto.pl\/t\/index.php?rest_route=\/wp\/v2\/users\/1"}],"replies":[{"embeddable":true,"href":"https:\/\/wgphoto.pl\/t\/index.php?rest_route=%2Fwp%2Fv2%2Fcomments&post=10249"}],"version-history":[{"count":2,"href":"https:\/\/wgphoto.pl\/t\/index.php?rest_route=\/wp\/v2\/posts\/10249\/revisions"}],"predecessor-version":[{"id":10265,"href":"https:\/\/wgphoto.pl\/t\/index.php?rest_route=\/wp\/v2\/posts\/10249\/revisions\/10265"}],"wp:featuredmedia":[{"embeddable":true,"href":"https:\/\/wgphoto.pl\/t\/index.php?rest_route=\/wp\/v2\/media\/10264"}],"wp:attachment":[{"href":"https:\/\/wgphoto.pl\/t\/index.php?rest_route=%2Fwp%2Fv2%2Fmedia&parent=10249"}],"wp:term":[{"taxonomy":"category","embeddable":true,"href":"https:\/\/wgphoto.pl\/t\/index.php?rest_route=%2Fwp%2Fv2%2Fcategories&post=10249"},{"taxonomy":"post_tag","embeddable":true,"href":"https:\/\/wgphoto.pl\/t\/index.php?rest_route=%2Fwp%2Fv2%2Ftags&post=10249"}],"curies":[{"name":"wp","href":"https:\/\/api.w.org\/{rel}","templated":true}]}}