{"id":10252,"date":"2025-01-22T20:04:40","date_gmt":"2025-01-22T19:04:40","guid":{"rendered":"https:\/\/wgphoto.pl\/t\/?p=10252"},"modified":"2025-01-22T20:04:40","modified_gmt":"2025-01-22T19:04:40","slug":"wloskie-wzornictwo-takie-piekne-2","status":"publish","type":"post","link":"https:\/\/wgphoto.pl\/t\/?p=10252","title":{"rendered":"W\u0142oskie wzornictwo takie pi\u0119kne"},"content":{"rendered":"\n<figure class=\"wp-block-image aligncenter size-full\"><img loading=\"lazy\" decoding=\"async\" width=\"1050\" height=\"700\" src=\"https:\/\/wgphoto.pl\/t\/wp-content\/uploads\/2025\/01\/IMGP8546.jpg\" alt=\"\" class=\"wp-image-10253\" srcset=\"https:\/\/wgphoto.pl\/t\/wp-content\/uploads\/2025\/01\/IMGP8546.jpg 1050w, https:\/\/wgphoto.pl\/t\/wp-content\/uploads\/2025\/01\/IMGP8546-300x200.jpg 300w, https:\/\/wgphoto.pl\/t\/wp-content\/uploads\/2025\/01\/IMGP8546-768x512.jpg 768w\" sizes=\"auto, (max-width: 1050px) 100vw, 1050px\" \/><\/figure>\n\n\n\n<div class=\"wp-block-group has-global-padding is-layout-constrained wp-block-group-is-layout-constrained\">\n<p>Rzym, stacja Termini. Tutejsze metro, w przeciwie\u0144stwie do mediola\u0144skiego, jest mocno niedorozwini\u0119te, niewydolne i po prostu brzydkie. Pomijaj\u0105c ju\u017c wygl\u0105d wagon\u00f3w, r\u00f3wnie\u017c stacje s\u0105 tu paskudne, cho\u0107 powy\u017csza akurat si\u0119 wybija na plus ze wzgl\u0119du na dosy\u0107 efektowne sklepienie. Przy okazji wida\u0107, \u017ce W\u0142osi lubuj\u0105 si\u0119 w metrze zasilanym z sieci g\u00f3rnej. 11.11.2014<\/p>\n<\/div>\n","protected":false},"excerpt":{"rendered":"<p>Rzym, stacja Termini. Tutejsze metro, w przeciwie\u0144stwie do mediola\u0144skiego, jest mocno niedorozwini\u0119te, niewydolne i po prostu brzydkie. Pomijaj\u0105c ju\u017c wygl\u0105d wagon\u00f3w, r\u00f3wnie\u017c stacje s\u0105 tu paskudne, cho\u0107 powy\u017csza akurat si\u0119 wybija na plus ze wzgl\u0119du na dosy\u0107 efektowne sklepienie. Przy okazji wida\u0107, \u017ce W\u0142osi lubuj\u0105 si\u0119 w metrze zasilanym z sieci g\u00f3rnej. 11.11.2014<\/p>\n","protected":false},"author":1,"featured_media":10253,"comment_status":"open","ping_status":"","sticky":false,"template":"","format":"standard","meta":{"footnotes":""},"categories":[4,48],"tags":[1032,1029,3000,1031,15,110],"class_list":["post-10252","post","type-post","status-publish","format-standard","has-post-thumbnail","hentry","category-metro","category-rok-2014","tag-2014-11-11","tag-atac-roma","tag-metropolitana-di-roma","tag-rzym","tag-tunel","tag-wlochy"],"_links":{"self":[{"href":"https:\/\/wgphoto.pl\/t\/index.php?rest_route=\/wp\/v2\/posts\/10252","targetHints":{"allow":["GET"]}}],"collection":[{"href":"https:\/\/wgphoto.pl\/t\/index.php?rest_route=\/wp\/v2\/posts"}],"about":[{"href":"https:\/\/wgphoto.pl\/t\/index.php?rest_route=\/wp\/v2\/types\/post"}],"author":[{"embeddable":true,"href":"https:\/\/wgphoto.pl\/t\/index.php?rest_route=\/wp\/v2\/users\/1"}],"replies":[{"embeddable":true,"href":"https:\/\/wgphoto.pl\/t\/index.php?rest_route=%2Fwp%2Fv2%2Fcomments&post=10252"}],"version-history":[{"count":1,"href":"https:\/\/wgphoto.pl\/t\/index.php?rest_route=\/wp\/v2\/posts\/10252\/revisions"}],"predecessor-version":[{"id":10254,"href":"https:\/\/wgphoto.pl\/t\/index.php?rest_route=\/wp\/v2\/posts\/10252\/revisions\/10254"}],"wp:featuredmedia":[{"embeddable":true,"href":"https:\/\/wgphoto.pl\/t\/index.php?rest_route=\/wp\/v2\/media\/10253"}],"wp:attachment":[{"href":"https:\/\/wgphoto.pl\/t\/index.php?rest_route=%2Fwp%2Fv2%2Fmedia&parent=10252"}],"wp:term":[{"taxonomy":"category","embeddable":true,"href":"https:\/\/wgphoto.pl\/t\/index.php?rest_route=%2Fwp%2Fv2%2Fcategories&post=10252"},{"taxonomy":"post_tag","embeddable":true,"href":"https:\/\/wgphoto.pl\/t\/index.php?rest_route=%2Fwp%2Fv2%2Ftags&post=10252"}],"curies":[{"name":"wp","href":"https:\/\/api.w.org\/{rel}","templated":true}]}}