{"id":10278,"date":"2025-01-22T21:11:11","date_gmt":"2025-01-22T20:11:11","guid":{"rendered":"https:\/\/wgphoto.pl\/t\/?p=10278"},"modified":"2025-01-22T21:11:11","modified_gmt":"2025-01-22T20:11:11","slug":"su46-008-kedzierzyn-kozle","status":"publish","type":"post","link":"https:\/\/wgphoto.pl\/t\/?p=10278","title":{"rendered":"SU46-008, K\u0119dzierzyn-Ko\u017ale"},"content":{"rendered":"\n<figure class=\"wp-block-image aligncenter size-full\"><img loading=\"lazy\" decoding=\"async\" width=\"1050\" height=\"700\" src=\"https:\/\/wgphoto.pl\/t\/wp-content\/uploads\/2025\/01\/0524-31.jpg\" alt=\"\" class=\"wp-image-10279\" srcset=\"https:\/\/wgphoto.pl\/t\/wp-content\/uploads\/2025\/01\/0524-31.jpg 1050w, https:\/\/wgphoto.pl\/t\/wp-content\/uploads\/2025\/01\/0524-31-300x200.jpg 300w, https:\/\/wgphoto.pl\/t\/wp-content\/uploads\/2025\/01\/0524-31-768x512.jpg 768w\" sizes=\"auto, (max-width: 1050px) 100vw, 1050px\" \/><\/figure>\n\n\n\n<div class=\"wp-block-group has-global-padding is-layout-constrained wp-block-group-is-layout-constrained\">\n<p>Tytu\u0142owa maszyna, z\u0142apana z dwiema osobliwo\u015bciami k\u0119dzierzy\u0144skiej stacji (nastawnia bramowa oraz rozjazd krzy\u017cowy podw\u00f3jny z iglicami na zewn\u0105trz krzy\u017cownic), pojedzie z poci\u0105giem osobowym 46123 do Kamie\u0144ca Z\u0105bkowickiego. 01.09.2005<\/p>\n<\/div>\n","protected":false},"excerpt":{"rendered":"<p>Tytu\u0142owa maszyna, z\u0142apana z dwiema osobliwo\u015bciami k\u0119dzierzy\u0144skiej stacji (nastawnia bramowa oraz rozjazd krzy\u017cowy podw\u00f3jny z iglicami na zewn\u0105trz krzy\u017cownic), pojedzie z poci\u0105giem osobowym 46123 do Kamie\u0144ca Z\u0105bkowickiego. 01.09.2005<\/p>\n","protected":false},"author":1,"featured_media":10279,"comment_status":"open","ping_status":"","sticky":false,"template":"","format":"standard","meta":{"footnotes":""},"categories":[62,2,311],"tags":[1635,230,263,63,27,84],"class_list":["post-10278","post","type-post","status-publish","format-standard","has-post-thumbnail","hentry","category-analog","category-kolej","category-rok-2005","tag-2005-09-01","tag-infrastruktura","tag-kedzierzyn-kozle","tag-pkp","tag-polska","tag-su46"],"_links":{"self":[{"href":"https:\/\/wgphoto.pl\/t\/index.php?rest_route=\/wp\/v2\/posts\/10278","targetHints":{"allow":["GET"]}}],"collection":[{"href":"https:\/\/wgphoto.pl\/t\/index.php?rest_route=\/wp\/v2\/posts"}],"about":[{"href":"https:\/\/wgphoto.pl\/t\/index.php?rest_route=\/wp\/v2\/types\/post"}],"author":[{"embeddable":true,"href":"https:\/\/wgphoto.pl\/t\/index.php?rest_route=\/wp\/v2\/users\/1"}],"replies":[{"embeddable":true,"href":"https:\/\/wgphoto.pl\/t\/index.php?rest_route=%2Fwp%2Fv2%2Fcomments&post=10278"}],"version-history":[{"count":1,"href":"https:\/\/wgphoto.pl\/t\/index.php?rest_route=\/wp\/v2\/posts\/10278\/revisions"}],"predecessor-version":[{"id":10280,"href":"https:\/\/wgphoto.pl\/t\/index.php?rest_route=\/wp\/v2\/posts\/10278\/revisions\/10280"}],"wp:featuredmedia":[{"embeddable":true,"href":"https:\/\/wgphoto.pl\/t\/index.php?rest_route=\/wp\/v2\/media\/10279"}],"wp:attachment":[{"href":"https:\/\/wgphoto.pl\/t\/index.php?rest_route=%2Fwp%2Fv2%2Fmedia&parent=10278"}],"wp:term":[{"taxonomy":"category","embeddable":true,"href":"https:\/\/wgphoto.pl\/t\/index.php?rest_route=%2Fwp%2Fv2%2Fcategories&post=10278"},{"taxonomy":"post_tag","embeddable":true,"href":"https:\/\/wgphoto.pl\/t\/index.php?rest_route=%2Fwp%2Fv2%2Ftags&post=10278"}],"curies":[{"name":"wp","href":"https:\/\/api.w.org\/{rel}","templated":true}]}}