{"id":10290,"date":"2025-01-22T21:14:59","date_gmt":"2025-01-22T20:14:59","guid":{"rendered":"https:\/\/wgphoto.pl\/t\/?p=10290"},"modified":"2025-01-22T21:14:59","modified_gmt":"2025-01-22T20:14:59","slug":"krzyzowanie-w-modle","status":"publish","type":"post","link":"https:\/\/wgphoto.pl\/t\/?p=10290","title":{"rendered":"Krzy\u017cowanie w Modle"},"content":{"rendered":"\n<figure class=\"wp-block-image aligncenter size-full\"><img loading=\"lazy\" decoding=\"async\" width=\"1050\" height=\"700\" src=\"https:\/\/wgphoto.pl\/t\/wp-content\/uploads\/2025\/01\/0621-14.jpg\" alt=\"\" class=\"wp-image-10291\" srcset=\"https:\/\/wgphoto.pl\/t\/wp-content\/uploads\/2025\/01\/0621-14.jpg 1050w, https:\/\/wgphoto.pl\/t\/wp-content\/uploads\/2025\/01\/0621-14-300x200.jpg 300w, https:\/\/wgphoto.pl\/t\/wp-content\/uploads\/2025\/01\/0621-14-768x512.jpg 768w\" sizes=\"auto, (max-width: 1050px) 100vw, 1050px\" \/><\/figure>\n\n\n\n<div class=\"wp-block-group has-global-padding is-layout-constrained wp-block-group-is-layout-constrained\">\n<p>SU46-032 z poci\u0105giem osobowym 76130 z \u017bagania do Legnicy zatrzymuje si\u0119 w Modle. Przy s\u0105siednim peronie stoi poci\u0105g 67133 z Legnicy do \u017bar prowadzony SU46-037. 01.09.2006<\/p>\n<\/div>\n","protected":false},"excerpt":{"rendered":"<p>SU46-032 z poci\u0105giem osobowym 76130 z \u017bagania do Legnicy zatrzymuje si\u0119 w Modle. Przy s\u0105siednim peronie stoi poci\u0105g 67133 z Legnicy do \u017bar prowadzony SU46-037. 01.09.2006<\/p>\n","protected":false},"author":1,"featured_media":10291,"comment_status":"open","ping_status":"","sticky":false,"template":"","format":"standard","meta":{"footnotes":""},"categories":[62,2,130],"tags":[3001,3002,63,27,84,356],"class_list":["post-10290","post","type-post","status-publish","format-standard","has-post-thumbnail","hentry","category-analog","category-kolej","category-rok-2006","tag-2006-09-01","tag-modla","tag-pkp","tag-polska","tag-su46","tag-tab-pl270"],"_links":{"self":[{"href":"https:\/\/wgphoto.pl\/t\/index.php?rest_route=\/wp\/v2\/posts\/10290","targetHints":{"allow":["GET"]}}],"collection":[{"href":"https:\/\/wgphoto.pl\/t\/index.php?rest_route=\/wp\/v2\/posts"}],"about":[{"href":"https:\/\/wgphoto.pl\/t\/index.php?rest_route=\/wp\/v2\/types\/post"}],"author":[{"embeddable":true,"href":"https:\/\/wgphoto.pl\/t\/index.php?rest_route=\/wp\/v2\/users\/1"}],"replies":[{"embeddable":true,"href":"https:\/\/wgphoto.pl\/t\/index.php?rest_route=%2Fwp%2Fv2%2Fcomments&post=10290"}],"version-history":[{"count":1,"href":"https:\/\/wgphoto.pl\/t\/index.php?rest_route=\/wp\/v2\/posts\/10290\/revisions"}],"predecessor-version":[{"id":10292,"href":"https:\/\/wgphoto.pl\/t\/index.php?rest_route=\/wp\/v2\/posts\/10290\/revisions\/10292"}],"wp:featuredmedia":[{"embeddable":true,"href":"https:\/\/wgphoto.pl\/t\/index.php?rest_route=\/wp\/v2\/media\/10291"}],"wp:attachment":[{"href":"https:\/\/wgphoto.pl\/t\/index.php?rest_route=%2Fwp%2Fv2%2Fmedia&parent=10290"}],"wp:term":[{"taxonomy":"category","embeddable":true,"href":"https:\/\/wgphoto.pl\/t\/index.php?rest_route=%2Fwp%2Fv2%2Fcategories&post=10290"},{"taxonomy":"post_tag","embeddable":true,"href":"https:\/\/wgphoto.pl\/t\/index.php?rest_route=%2Fwp%2Fv2%2Ftags&post=10290"}],"curies":[{"name":"wp","href":"https:\/\/api.w.org\/{rel}","templated":true}]}}