{"id":10293,"date":"2025-01-22T21:15:51","date_gmt":"2025-01-22T20:15:51","guid":{"rendered":"https:\/\/wgphoto.pl\/t\/?p=10293"},"modified":"2025-01-22T21:15:51","modified_gmt":"2025-01-22T20:15:51","slug":"bobr","status":"publish","type":"post","link":"https:\/\/wgphoto.pl\/t\/?p=10293","title":{"rendered":"B\u00f3br"},"content":{"rendered":"\n<figure class=\"wp-block-image aligncenter size-full\"><img loading=\"lazy\" decoding=\"async\" width=\"990\" height=\"660\" src=\"https:\/\/wgphoto.pl\/t\/wp-content\/uploads\/2025\/01\/0817-06.jpg\" alt=\"\" class=\"wp-image-10294\" srcset=\"https:\/\/wgphoto.pl\/t\/wp-content\/uploads\/2025\/01\/0817-06.jpg 990w, https:\/\/wgphoto.pl\/t\/wp-content\/uploads\/2025\/01\/0817-06-300x200.jpg 300w, https:\/\/wgphoto.pl\/t\/wp-content\/uploads\/2025\/01\/0817-06-768x512.jpg 768w\" sizes=\"auto, (max-width: 990px) 100vw, 990px\" \/><\/figure>\n\n\n\n<div class=\"wp-block-group has-global-padding is-layout-constrained wp-block-group-is-layout-constrained\">\n<p>Stacja Mod\u0142a. SU46-011 z trzema wagonami, stanowi\u0105cymi sk\u0142ad poci\u0105gu osobowego 67121 &#8222;B\u00f3br&#8221; z Wroc\u0142awia do \u017bagania, wyrusza na szlak do Leszna G\u00f3rnego. 27.09.2008<\/p>\n<\/div>\n","protected":false},"excerpt":{"rendered":"<p>Stacja Mod\u0142a. SU46-011 z trzema wagonami, stanowi\u0105cymi sk\u0142ad poci\u0105gu osobowego 67121 &#8222;B\u00f3br&#8221; z Wroc\u0142awia do \u017bagania, wyrusza na szlak do Leszna G\u00f3rnego. 27.09.2008<\/p>\n","protected":false},"author":1,"featured_media":10294,"comment_status":"open","ping_status":"","sticky":false,"template":"","format":"standard","meta":{"footnotes":""},"categories":[62,2,120],"tags":[3003,3002,63,27,84,356],"class_list":["post-10293","post","type-post","status-publish","format-standard","has-post-thumbnail","hentry","category-analog","category-kolej","category-rok-2008","tag-2008-09-27","tag-modla","tag-pkp","tag-polska","tag-su46","tag-tab-pl270"],"_links":{"self":[{"href":"https:\/\/wgphoto.pl\/t\/index.php?rest_route=\/wp\/v2\/posts\/10293","targetHints":{"allow":["GET"]}}],"collection":[{"href":"https:\/\/wgphoto.pl\/t\/index.php?rest_route=\/wp\/v2\/posts"}],"about":[{"href":"https:\/\/wgphoto.pl\/t\/index.php?rest_route=\/wp\/v2\/types\/post"}],"author":[{"embeddable":true,"href":"https:\/\/wgphoto.pl\/t\/index.php?rest_route=\/wp\/v2\/users\/1"}],"replies":[{"embeddable":true,"href":"https:\/\/wgphoto.pl\/t\/index.php?rest_route=%2Fwp%2Fv2%2Fcomments&post=10293"}],"version-history":[{"count":1,"href":"https:\/\/wgphoto.pl\/t\/index.php?rest_route=\/wp\/v2\/posts\/10293\/revisions"}],"predecessor-version":[{"id":10295,"href":"https:\/\/wgphoto.pl\/t\/index.php?rest_route=\/wp\/v2\/posts\/10293\/revisions\/10295"}],"wp:featuredmedia":[{"embeddable":true,"href":"https:\/\/wgphoto.pl\/t\/index.php?rest_route=\/wp\/v2\/media\/10294"}],"wp:attachment":[{"href":"https:\/\/wgphoto.pl\/t\/index.php?rest_route=%2Fwp%2Fv2%2Fmedia&parent=10293"}],"wp:term":[{"taxonomy":"category","embeddable":true,"href":"https:\/\/wgphoto.pl\/t\/index.php?rest_route=%2Fwp%2Fv2%2Fcategories&post=10293"},{"taxonomy":"post_tag","embeddable":true,"href":"https:\/\/wgphoto.pl\/t\/index.php?rest_route=%2Fwp%2Fv2%2Ftags&post=10293"}],"curies":[{"name":"wp","href":"https:\/\/api.w.org\/{rel}","templated":true}]}}