{"id":1030,"date":"2024-10-01T21:33:45","date_gmt":"2024-10-01T19:33:45","guid":{"rendered":"https:\/\/wgphoto.pl\/t\/?p=1030"},"modified":"2024-10-01T21:33:45","modified_gmt":"2024-10-01T19:33:45","slug":"gdanszczanin-we-wroclawiu","status":"publish","type":"post","link":"https:\/\/wgphoto.pl\/t\/?p=1030","title":{"rendered":"Gda\u0144szczanin we Wroc\u0142awiu"},"content":{"rendered":"\n<figure class=\"wp-block-image aligncenter size-full\"><img loading=\"lazy\" decoding=\"async\" width=\"1200\" height=\"800\" src=\"https:\/\/wgphoto.pl\/t\/wp-content\/uploads\/2024\/10\/0822-36a.jpg\" alt=\"\" class=\"wp-image-1031\" srcset=\"https:\/\/wgphoto.pl\/t\/wp-content\/uploads\/2024\/10\/0822-36a.jpg 1200w, https:\/\/wgphoto.pl\/t\/wp-content\/uploads\/2024\/10\/0822-36a-300x200.jpg 300w, https:\/\/wgphoto.pl\/t\/wp-content\/uploads\/2024\/10\/0822-36a-768x512.jpg 768w\" sizes=\"auto, (max-width: 1200px) 100vw, 1200px\" \/><\/figure>\n\n\n\n<div class=\"wp-block-group has-global-padding is-layout-constrained wp-block-group-is-layout-constrained\">\n<p>Wroc\u0142aw, zajezdnia Borek. Gda\u0144ska stopi\u0105tka w towarzystwie swoich nowych wroc\u0142awskich kole\u017canek (102Na 2052) i koleg\u00f3w (204WrAs 2612). Gda\u0144ski sk\u0142ad 1200+1201 (obecnie plastik 2564+2565) MPK Wroc\u0142aw otrzyma\u0142o w zamian za stodw\u00f3jk\u0119 2007, kt\u00f3ra sta\u0142a si\u0119 gda\u0144skim zabytkiem. 08.01.2009<\/p>\n<\/div>\n","protected":false},"excerpt":{"rendered":"<p>Wroc\u0142aw, zajezdnia Borek. Gda\u0144ska stopi\u0105tka w towarzystwie swoich nowych wroc\u0142awskich kole\u017canek (102Na 2052) i koleg\u00f3w (204WrAs 2612). Gda\u0144ski sk\u0142ad 1200+1201 (obecnie plastik 2564+2565) MPK Wroc\u0142aw otrzyma\u0142o w zamian za stodw\u00f3jk\u0119 2007, kt\u00f3ra sta\u0142a si\u0119 gda\u0144skim zabytkiem. 08.01.2009<\/p>\n","protected":false},"author":1,"featured_media":1031,"comment_status":"open","ping_status":"","sticky":false,"template":"","format":"standard","meta":{"footnotes":""},"categories":[62,169,3],"tags":[155,481,309,42,154,27,44,41,138,480],"class_list":["post-1030","post","type-post","status-publish","format-standard","has-post-thumbnail","hentry","category-analog","category-rok-2009","category-tramwaj","tag-105na","tag-2009-01-08","tag-konstal-102na","tag-mpk-wroclaw","tag-noc","tag-polska","tag-snieg","tag-wroclaw","tag-zajezdnia","tag-zkm-gdansk"],"_links":{"self":[{"href":"https:\/\/wgphoto.pl\/t\/index.php?rest_route=\/wp\/v2\/posts\/1030","targetHints":{"allow":["GET"]}}],"collection":[{"href":"https:\/\/wgphoto.pl\/t\/index.php?rest_route=\/wp\/v2\/posts"}],"about":[{"href":"https:\/\/wgphoto.pl\/t\/index.php?rest_route=\/wp\/v2\/types\/post"}],"author":[{"embeddable":true,"href":"https:\/\/wgphoto.pl\/t\/index.php?rest_route=\/wp\/v2\/users\/1"}],"replies":[{"embeddable":true,"href":"https:\/\/wgphoto.pl\/t\/index.php?rest_route=%2Fwp%2Fv2%2Fcomments&post=1030"}],"version-history":[{"count":1,"href":"https:\/\/wgphoto.pl\/t\/index.php?rest_route=\/wp\/v2\/posts\/1030\/revisions"}],"predecessor-version":[{"id":1032,"href":"https:\/\/wgphoto.pl\/t\/index.php?rest_route=\/wp\/v2\/posts\/1030\/revisions\/1032"}],"wp:featuredmedia":[{"embeddable":true,"href":"https:\/\/wgphoto.pl\/t\/index.php?rest_route=\/wp\/v2\/media\/1031"}],"wp:attachment":[{"href":"https:\/\/wgphoto.pl\/t\/index.php?rest_route=%2Fwp%2Fv2%2Fmedia&parent=1030"}],"wp:term":[{"taxonomy":"category","embeddable":true,"href":"https:\/\/wgphoto.pl\/t\/index.php?rest_route=%2Fwp%2Fv2%2Fcategories&post=1030"},{"taxonomy":"post_tag","embeddable":true,"href":"https:\/\/wgphoto.pl\/t\/index.php?rest_route=%2Fwp%2Fv2%2Ftags&post=1030"}],"curies":[{"name":"wp","href":"https:\/\/api.w.org\/{rel}","templated":true}]}}