{"id":10302,"date":"2025-01-23T19:59:28","date_gmt":"2025-01-23T18:59:28","guid":{"rendered":"https:\/\/wgphoto.pl\/t\/?p=10302"},"modified":"2025-01-23T19:59:28","modified_gmt":"2025-01-23T18:59:28","slug":"uciag-2","status":"publish","type":"post","link":"https:\/\/wgphoto.pl\/t\/?p=10302","title":{"rendered":"Uci\u0105g"},"content":{"rendered":"\n<figure class=\"wp-block-image aligncenter size-full\"><img loading=\"lazy\" decoding=\"async\" width=\"1080\" height=\"700\" src=\"https:\/\/wgphoto.pl\/t\/wp-content\/uploads\/2025\/01\/0402-03.jpg\" alt=\"\" class=\"wp-image-10303\" srcset=\"https:\/\/wgphoto.pl\/t\/wp-content\/uploads\/2025\/01\/0402-03.jpg 1080w, https:\/\/wgphoto.pl\/t\/wp-content\/uploads\/2025\/01\/0402-03-300x194.jpg 300w, https:\/\/wgphoto.pl\/t\/wp-content\/uploads\/2025\/01\/0402-03-768x498.jpg 768w\" sizes=\"auto, (max-width: 1080px) 100vw, 1080px\" \/><\/figure>\n\n\n\n<div class=\"wp-block-group has-global-padding is-layout-constrained wp-block-group-is-layout-constrained\">\n<p>\u015awiebodzice &#8211; Wa\u0142brzych Szczawienko. ET41-145 na czele sk\u0142adu pustych lawet. 06.02.2004<\/p>\n<\/div>\n","protected":false},"excerpt":{"rendered":"<p>\u015awiebodzice &#8211; Wa\u0142brzych Szczawienko. ET41-145 na czele sk\u0142adu pustych lawet. 06.02.2004<\/p>\n","protected":false},"author":1,"featured_media":10303,"comment_status":"open","ping_status":"","sticky":false,"template":"","format":"standard","meta":{"footnotes":""},"categories":[62,2,61],"tags":[2021,259,63,27,1105,200,199],"class_list":["post-10302","post","type-post","status-publish","format-standard","has-post-thumbnail","hentry","category-analog","category-kolej","category-rok-2004","tag-2004-02-06","tag-et41","tag-pkp","tag-polska","tag-swiebodzice","tag-tab-pl240","tag-walbrzych-szczawienko"],"_links":{"self":[{"href":"https:\/\/wgphoto.pl\/t\/index.php?rest_route=\/wp\/v2\/posts\/10302","targetHints":{"allow":["GET"]}}],"collection":[{"href":"https:\/\/wgphoto.pl\/t\/index.php?rest_route=\/wp\/v2\/posts"}],"about":[{"href":"https:\/\/wgphoto.pl\/t\/index.php?rest_route=\/wp\/v2\/types\/post"}],"author":[{"embeddable":true,"href":"https:\/\/wgphoto.pl\/t\/index.php?rest_route=\/wp\/v2\/users\/1"}],"replies":[{"embeddable":true,"href":"https:\/\/wgphoto.pl\/t\/index.php?rest_route=%2Fwp%2Fv2%2Fcomments&post=10302"}],"version-history":[{"count":1,"href":"https:\/\/wgphoto.pl\/t\/index.php?rest_route=\/wp\/v2\/posts\/10302\/revisions"}],"predecessor-version":[{"id":10304,"href":"https:\/\/wgphoto.pl\/t\/index.php?rest_route=\/wp\/v2\/posts\/10302\/revisions\/10304"}],"wp:featuredmedia":[{"embeddable":true,"href":"https:\/\/wgphoto.pl\/t\/index.php?rest_route=\/wp\/v2\/media\/10303"}],"wp:attachment":[{"href":"https:\/\/wgphoto.pl\/t\/index.php?rest_route=%2Fwp%2Fv2%2Fmedia&parent=10302"}],"wp:term":[{"taxonomy":"category","embeddable":true,"href":"https:\/\/wgphoto.pl\/t\/index.php?rest_route=%2Fwp%2Fv2%2Fcategories&post=10302"},{"taxonomy":"post_tag","embeddable":true,"href":"https:\/\/wgphoto.pl\/t\/index.php?rest_route=%2Fwp%2Fv2%2Ftags&post=10302"}],"curies":[{"name":"wp","href":"https:\/\/api.w.org\/{rel}","templated":true}]}}