{"id":10305,"date":"2025-01-23T20:00:46","date_gmt":"2025-01-23T19:00:46","guid":{"rendered":"https:\/\/wgphoto.pl\/t\/?p=10305"},"modified":"2025-01-23T20:00:46","modified_gmt":"2025-01-23T19:00:46","slug":"kamienny-wiadukt","status":"publish","type":"post","link":"https:\/\/wgphoto.pl\/t\/?p=10305","title":{"rendered":"Kamienny wiadukt"},"content":{"rendered":"\n<figure class=\"wp-block-image aligncenter size-full\"><img loading=\"lazy\" decoding=\"async\" width=\"1000\" height=\"650\" src=\"https:\/\/wgphoto.pl\/t\/wp-content\/uploads\/2025\/01\/0735-05a.jpg\" alt=\"\" class=\"wp-image-10306\" srcset=\"https:\/\/wgphoto.pl\/t\/wp-content\/uploads\/2025\/01\/0735-05a.jpg 1000w, https:\/\/wgphoto.pl\/t\/wp-content\/uploads\/2025\/01\/0735-05a-300x195.jpg 300w, https:\/\/wgphoto.pl\/t\/wp-content\/uploads\/2025\/01\/0735-05a-768x499.jpg 768w\" sizes=\"auto, (max-width: 1000px) 100vw, 1000px\" \/><\/figure>\n\n\n\n<div class=\"wp-block-group has-global-padding is-layout-constrained wp-block-group-is-layout-constrained\">\n<p>Odcinek Janowice Wielkie &#8211; Trzci\u0144sko. EU07-038 z poci\u0105giem z Poznania do Szklarskiej Por\u0119by za moment przejedzie pod ostatnim z kilku identycznych wiadukt\u00f3w rozlokowanych w ci\u0105gu przebiegu linii mi\u0119dzy Ciechanowicami a Trzci\u0144skiem. 13.10.2007<\/p>\n<\/div>\n","protected":false},"excerpt":{"rendered":"<p>Odcinek Janowice Wielkie &#8211; Trzci\u0144sko. EU07-038 z poci\u0105giem z Poznania do Szklarskiej Por\u0119by za moment przejedzie pod ostatnim z kilku identycznych wiadukt\u00f3w rozlokowanych w ci\u0105gu przebiegu linii mi\u0119dzy Ciechanowicami a Trzci\u0144skiem. 13.10.2007<\/p>\n","protected":false},"author":1,"featured_media":10306,"comment_status":"open","ping_status":"","sticky":false,"template":"","format":"standard","meta":{"footnotes":""},"categories":[62,2,96],"tags":[1291,122,1290,126,45,63,27,905,200,2828],"class_list":["post-10305","post","type-post","status-publish","format-standard","has-post-thumbnail","hentry","category-analog","category-kolej","category-rok-2007","tag-2007-10-13","tag-eu07","tag-janowice-wielkie","tag-jesien","tag-most","tag-pkp","tag-polska","tag-przez","tag-tab-pl240","tag-trzcinsko"],"_links":{"self":[{"href":"https:\/\/wgphoto.pl\/t\/index.php?rest_route=\/wp\/v2\/posts\/10305","targetHints":{"allow":["GET"]}}],"collection":[{"href":"https:\/\/wgphoto.pl\/t\/index.php?rest_route=\/wp\/v2\/posts"}],"about":[{"href":"https:\/\/wgphoto.pl\/t\/index.php?rest_route=\/wp\/v2\/types\/post"}],"author":[{"embeddable":true,"href":"https:\/\/wgphoto.pl\/t\/index.php?rest_route=\/wp\/v2\/users\/1"}],"replies":[{"embeddable":true,"href":"https:\/\/wgphoto.pl\/t\/index.php?rest_route=%2Fwp%2Fv2%2Fcomments&post=10305"}],"version-history":[{"count":1,"href":"https:\/\/wgphoto.pl\/t\/index.php?rest_route=\/wp\/v2\/posts\/10305\/revisions"}],"predecessor-version":[{"id":10307,"href":"https:\/\/wgphoto.pl\/t\/index.php?rest_route=\/wp\/v2\/posts\/10305\/revisions\/10307"}],"wp:featuredmedia":[{"embeddable":true,"href":"https:\/\/wgphoto.pl\/t\/index.php?rest_route=\/wp\/v2\/media\/10306"}],"wp:attachment":[{"href":"https:\/\/wgphoto.pl\/t\/index.php?rest_route=%2Fwp%2Fv2%2Fmedia&parent=10305"}],"wp:term":[{"taxonomy":"category","embeddable":true,"href":"https:\/\/wgphoto.pl\/t\/index.php?rest_route=%2Fwp%2Fv2%2Fcategories&post=10305"},{"taxonomy":"post_tag","embeddable":true,"href":"https:\/\/wgphoto.pl\/t\/index.php?rest_route=%2Fwp%2Fv2%2Ftags&post=10305"}],"curies":[{"name":"wp","href":"https:\/\/api.w.org\/{rel}","templated":true}]}}