{"id":10323,"date":"2025-01-23T20:06:32","date_gmt":"2025-01-23T19:06:32","guid":{"rendered":"https:\/\/wgphoto.pl\/t\/?p=10323"},"modified":"2025-01-23T20:06:32","modified_gmt":"2025-01-23T19:06:32","slug":"ep07-450","status":"publish","type":"post","link":"https:\/\/wgphoto.pl\/t\/?p=10323","title":{"rendered":"EP07-450"},"content":{"rendered":"\n<figure class=\"wp-block-image aligncenter size-full\"><img loading=\"lazy\" decoding=\"async\" width=\"1000\" height=\"650\" src=\"https:\/\/wgphoto.pl\/t\/wp-content\/uploads\/2025\/01\/2002m-31a.jpg\" alt=\"\" class=\"wp-image-10324\" srcset=\"https:\/\/wgphoto.pl\/t\/wp-content\/uploads\/2025\/01\/2002m-31a.jpg 1000w, https:\/\/wgphoto.pl\/t\/wp-content\/uploads\/2025\/01\/2002m-31a-300x195.jpg 300w, https:\/\/wgphoto.pl\/t\/wp-content\/uploads\/2025\/01\/2002m-31a-768x499.jpg 768w\" sizes=\"auto, (max-width: 1000px) 100vw, 1000px\" \/><\/figure>\n\n\n\n<div class=\"wp-block-group has-global-padding is-layout-constrained wp-block-group-is-layout-constrained\">\n<p>Skoro o \u0142\u00f3dzkich si\u00f3demkach mowa &#8211; taki kwasior z poci\u0105giem osobowym 315 do K\u0142odzka G\u0142., prowadzonym EP07-450 i poruszaj\u0105cym si\u0119 szlakiem Wroc\u0142aw G\u0142\u00f3wny WGB &#8211; Podg Lamowice. To by\u0142a planowa obs\u0142uga trakcyjna tego poci\u0105gu (s\u0105dz\u0105c po kilku innych zdj\u0119ciach, na kt\u00f3rych te\u017c pojawiaj\u0105 si\u0119 EU\/EP07 z CM \u0141\u00f3d\u017a), powi\u0105zana pewnie z jakim\u015b dziwnym poci\u0105giem pospiesznym, po kt\u00f3rym dzi\u015b nie ma \u015bladu. 18.06.2002<\/p>\n<\/div>\n","protected":false},"excerpt":{"rendered":"<p>Skoro o \u0142\u00f3dzkich si\u00f3demkach mowa &#8211; taki kwasior z poci\u0105giem osobowym 315 do K\u0142odzka G\u0142., prowadzonym EP07-450 i poruszaj\u0105cym si\u0119 szlakiem Wroc\u0142aw G\u0142\u00f3wny WGB &#8211; Podg Lamowice. To by\u0142a planowa obs\u0142uga trakcyjna tego poci\u0105gu (s\u0105dz\u0105c po kilku innych zdj\u0119ciach, na kt\u00f3rych te\u017c pojawiaj\u0105 si\u0119 EU\/EP07 z CM \u0141\u00f3d\u017a), powi\u0105zana pewnie z jakim\u015b dziwnym poci\u0105giem pospiesznym, [&hellip;]<\/p>\n","protected":false},"author":1,"featured_media":10324,"comment_status":"open","ping_status":"","sticky":false,"template":"","format":"standard","meta":{"footnotes":""},"categories":[62,2,577],"tags":[3009,288,124,1701,27,383,41,180],"class_list":["post-10323","post","type-post","status-publish","format-standard","has-post-thumbnail","hentry","category-analog","category-kolej","category-rok-2002","tag-2002-06-18","tag-bipa","tag-ep07","tag-podg-lamowice","tag-polska","tag-tab-pl230","tag-wroclaw","tag-wroclaw-glowny"],"_links":{"self":[{"href":"https:\/\/wgphoto.pl\/t\/index.php?rest_route=\/wp\/v2\/posts\/10323","targetHints":{"allow":["GET"]}}],"collection":[{"href":"https:\/\/wgphoto.pl\/t\/index.php?rest_route=\/wp\/v2\/posts"}],"about":[{"href":"https:\/\/wgphoto.pl\/t\/index.php?rest_route=\/wp\/v2\/types\/post"}],"author":[{"embeddable":true,"href":"https:\/\/wgphoto.pl\/t\/index.php?rest_route=\/wp\/v2\/users\/1"}],"replies":[{"embeddable":true,"href":"https:\/\/wgphoto.pl\/t\/index.php?rest_route=%2Fwp%2Fv2%2Fcomments&post=10323"}],"version-history":[{"count":1,"href":"https:\/\/wgphoto.pl\/t\/index.php?rest_route=\/wp\/v2\/posts\/10323\/revisions"}],"predecessor-version":[{"id":10325,"href":"https:\/\/wgphoto.pl\/t\/index.php?rest_route=\/wp\/v2\/posts\/10323\/revisions\/10325"}],"wp:featuredmedia":[{"embeddable":true,"href":"https:\/\/wgphoto.pl\/t\/index.php?rest_route=\/wp\/v2\/media\/10324"}],"wp:attachment":[{"href":"https:\/\/wgphoto.pl\/t\/index.php?rest_route=%2Fwp%2Fv2%2Fmedia&parent=10323"}],"wp:term":[{"taxonomy":"category","embeddable":true,"href":"https:\/\/wgphoto.pl\/t\/index.php?rest_route=%2Fwp%2Fv2%2Fcategories&post=10323"},{"taxonomy":"post_tag","embeddable":true,"href":"https:\/\/wgphoto.pl\/t\/index.php?rest_route=%2Fwp%2Fv2%2Ftags&post=10323"}],"curies":[{"name":"wp","href":"https:\/\/api.w.org\/{rel}","templated":true}]}}