{"id":10341,"date":"2025-01-23T20:17:51","date_gmt":"2025-01-23T19:17:51","guid":{"rendered":"https:\/\/wgphoto.pl\/t\/?p=10341"},"modified":"2025-01-23T20:17:51","modified_gmt":"2025-01-23T19:17:51","slug":"poranna-bipa","status":"publish","type":"post","link":"https:\/\/wgphoto.pl\/t\/?p=10341","title":{"rendered":"Poranna Bipa"},"content":{"rendered":"\n<figure class=\"wp-block-image aligncenter size-full\"><img loading=\"lazy\" decoding=\"async\" width=\"1000\" height=\"650\" src=\"https:\/\/wgphoto.pl\/t\/wp-content\/uploads\/2025\/01\/0328-18.jpg\" alt=\"\" class=\"wp-image-10342\" srcset=\"https:\/\/wgphoto.pl\/t\/wp-content\/uploads\/2025\/01\/0328-18.jpg 1000w, https:\/\/wgphoto.pl\/t\/wp-content\/uploads\/2025\/01\/0328-18-300x195.jpg 300w, https:\/\/wgphoto.pl\/t\/wp-content\/uploads\/2025\/01\/0328-18-768x499.jpg 768w\" sizes=\"auto, (max-width: 1000px) 100vw, 1000px\" \/><\/figure>\n\n\n\n<div class=\"wp-block-group has-global-padding is-layout-constrained wp-block-group-is-layout-constrained\">\n<p>SU42-516 z poci\u0105giem osobowym 17637 z Legnicy do \u017bar odbywa przed\u0142u\u017caj\u0105cy si\u0119 post\u00f3j na stacji Leszno G\u00f3rne w oczekiwaniu na nieplanowe krzy\u017cowanie z op\u00f3\u017anionym &#8222;Bobrem&#8221; jad\u0105cym do Wroc\u0142awia. 01.08.2003<\/p>\n<\/div>\n","protected":false},"excerpt":{"rendered":"<p>SU42-516 z poci\u0105giem osobowym 17637 z Legnicy do \u017bar odbywa przed\u0142u\u017caj\u0105cy si\u0119 post\u00f3j na stacji Leszno G\u00f3rne w oczekiwaniu na nieplanowe krzy\u017cowanie z op\u00f3\u017anionym &#8222;Bobrem&#8221; jad\u0105cym do Wroc\u0142awia. 01.08.2003<\/p>\n","protected":false},"author":1,"featured_media":10342,"comment_status":"open","ping_status":"","sticky":false,"template":"","format":"standard","meta":{"footnotes":""},"categories":[62,2,149],"tags":[2466,288,3013,63,27,176,250,356],"class_list":["post-10341","post","type-post","status-publish","format-standard","has-post-thumbnail","hentry","category-analog","category-kolej","category-rok-2003","tag-2003-08-01","tag-bipa","tag-leszno-gorne","tag-pkp","tag-polska","tag-rano","tag-su42","tag-tab-pl270"],"_links":{"self":[{"href":"https:\/\/wgphoto.pl\/t\/index.php?rest_route=\/wp\/v2\/posts\/10341","targetHints":{"allow":["GET"]}}],"collection":[{"href":"https:\/\/wgphoto.pl\/t\/index.php?rest_route=\/wp\/v2\/posts"}],"about":[{"href":"https:\/\/wgphoto.pl\/t\/index.php?rest_route=\/wp\/v2\/types\/post"}],"author":[{"embeddable":true,"href":"https:\/\/wgphoto.pl\/t\/index.php?rest_route=\/wp\/v2\/users\/1"}],"replies":[{"embeddable":true,"href":"https:\/\/wgphoto.pl\/t\/index.php?rest_route=%2Fwp%2Fv2%2Fcomments&post=10341"}],"version-history":[{"count":1,"href":"https:\/\/wgphoto.pl\/t\/index.php?rest_route=\/wp\/v2\/posts\/10341\/revisions"}],"predecessor-version":[{"id":10343,"href":"https:\/\/wgphoto.pl\/t\/index.php?rest_route=\/wp\/v2\/posts\/10341\/revisions\/10343"}],"wp:featuredmedia":[{"embeddable":true,"href":"https:\/\/wgphoto.pl\/t\/index.php?rest_route=\/wp\/v2\/media\/10342"}],"wp:attachment":[{"href":"https:\/\/wgphoto.pl\/t\/index.php?rest_route=%2Fwp%2Fv2%2Fmedia&parent=10341"}],"wp:term":[{"taxonomy":"category","embeddable":true,"href":"https:\/\/wgphoto.pl\/t\/index.php?rest_route=%2Fwp%2Fv2%2Fcategories&post=10341"},{"taxonomy":"post_tag","embeddable":true,"href":"https:\/\/wgphoto.pl\/t\/index.php?rest_route=%2Fwp%2Fv2%2Ftags&post=10341"}],"curies":[{"name":"wp","href":"https:\/\/api.w.org\/{rel}","templated":true}]}}