{"id":10357,"date":"2025-01-23T20:49:22","date_gmt":"2025-01-23T19:49:22","guid":{"rendered":"https:\/\/wgphoto.pl\/t\/?p=10357"},"modified":"2025-01-23T20:49:22","modified_gmt":"2025-01-23T19:49:22","slug":"36wea-013","status":"publish","type":"post","link":"https:\/\/wgphoto.pl\/t\/?p=10357","title":{"rendered":"36WEa-013"},"content":{"rendered":"\n<figure class=\"wp-block-image aligncenter size-full\"><img loading=\"lazy\" decoding=\"async\" width=\"1050\" height=\"700\" src=\"https:\/\/wgphoto.pl\/t\/wp-content\/uploads\/2025\/01\/IMGP8801.jpg\" alt=\"\" class=\"wp-image-10358\" srcset=\"https:\/\/wgphoto.pl\/t\/wp-content\/uploads\/2025\/01\/IMGP8801.jpg 1050w, https:\/\/wgphoto.pl\/t\/wp-content\/uploads\/2025\/01\/IMGP8801-300x200.jpg 300w, https:\/\/wgphoto.pl\/t\/wp-content\/uploads\/2025\/01\/IMGP8801-768x512.jpg 768w\" sizes=\"auto, (max-width: 1050px) 100vw, 1050px\" \/><\/figure>\n\n\n\n<div class=\"wp-block-group has-global-padding is-layout-constrained wp-block-group-is-layout-constrained\">\n<p>Poci\u0105g specjalny 66661 do Szklarskiej Por\u0119(by G\u00f3rnej) za kilkana\u015bcie minut odjedzie z Wroc\u0142awia G\u0142\u00f3wnego. Kurs ten mia\u0142 na celu promocj\u0119 Kolei Dolno\u015bl\u0105skich w obs\u0142udze po\u0142\u0105cze\u0144 na trasie jeleniog\u00f3rskiej w zwi\u0105zku z przej\u0119ciem wi\u0119kszo\u015bci z nich od nowego rozk\u0142adu jazdy, kt\u00f3ry zacz\u0105\u0142 obowi\u0105zywa\u0107 dwa dni p\u00f3\u017aniej. 12.12.2014<\/p>\n<\/div>\n","protected":false},"excerpt":{"rendered":"<p>Poci\u0105g specjalny 66661 do Szklarskiej Por\u0119(by G\u00f3rnej) za kilkana\u015bcie minut odjedzie z Wroc\u0142awia G\u0142\u00f3wnego. Kurs ten mia\u0142 na celu promocj\u0119 Kolei Dolno\u015bl\u0105skich w obs\u0142udze po\u0142\u0105cze\u0144 na trasie jeleniog\u00f3rskiej w zwi\u0105zku z przej\u0119ciem wi\u0119kszo\u015bci z nich od nowego rozk\u0142adu jazdy, kt\u00f3ry zacz\u0105\u0142 obowi\u0105zywa\u0107 dwa dni p\u00f3\u017aniej. 12.12.2014<\/p>\n","protected":false},"author":1,"featured_media":10358,"comment_status":"open","ping_status":"","sticky":false,"template":"","format":"standard","meta":{"footnotes":""},"categories":[2,48],"tags":[3017,401,402,173,404,24,27,202,200,41,180],"class_list":["post-10357","post","type-post","status-publish","format-standard","has-post-thumbnail","hentry","category-kolej","category-rok-2014","tag-2014-12-12","tag-36we","tag-kd","tag-koncowki","tag-newag-impuls","tag-perony","tag-polska","tag-specjalny","tag-tab-pl240","tag-wroclaw","tag-wroclaw-glowny"],"_links":{"self":[{"href":"https:\/\/wgphoto.pl\/t\/index.php?rest_route=\/wp\/v2\/posts\/10357","targetHints":{"allow":["GET"]}}],"collection":[{"href":"https:\/\/wgphoto.pl\/t\/index.php?rest_route=\/wp\/v2\/posts"}],"about":[{"href":"https:\/\/wgphoto.pl\/t\/index.php?rest_route=\/wp\/v2\/types\/post"}],"author":[{"embeddable":true,"href":"https:\/\/wgphoto.pl\/t\/index.php?rest_route=\/wp\/v2\/users\/1"}],"replies":[{"embeddable":true,"href":"https:\/\/wgphoto.pl\/t\/index.php?rest_route=%2Fwp%2Fv2%2Fcomments&post=10357"}],"version-history":[{"count":1,"href":"https:\/\/wgphoto.pl\/t\/index.php?rest_route=\/wp\/v2\/posts\/10357\/revisions"}],"predecessor-version":[{"id":10359,"href":"https:\/\/wgphoto.pl\/t\/index.php?rest_route=\/wp\/v2\/posts\/10357\/revisions\/10359"}],"wp:featuredmedia":[{"embeddable":true,"href":"https:\/\/wgphoto.pl\/t\/index.php?rest_route=\/wp\/v2\/media\/10358"}],"wp:attachment":[{"href":"https:\/\/wgphoto.pl\/t\/index.php?rest_route=%2Fwp%2Fv2%2Fmedia&parent=10357"}],"wp:term":[{"taxonomy":"category","embeddable":true,"href":"https:\/\/wgphoto.pl\/t\/index.php?rest_route=%2Fwp%2Fv2%2Fcategories&post=10357"},{"taxonomy":"post_tag","embeddable":true,"href":"https:\/\/wgphoto.pl\/t\/index.php?rest_route=%2Fwp%2Fv2%2Ftags&post=10357"}],"curies":[{"name":"wp","href":"https:\/\/api.w.org\/{rel}","templated":true}]}}