{"id":10360,"date":"2025-01-23T20:50:26","date_gmt":"2025-01-23T19:50:26","guid":{"rendered":"https:\/\/wgphoto.pl\/t\/?p=10360"},"modified":"2025-02-02T19:27:37","modified_gmt":"2025-02-02T18:27:37","slug":"pierwszy-snieg","status":"publish","type":"post","link":"https:\/\/wgphoto.pl\/t\/?p=10360","title":{"rendered":"Pierwszy \u015bnieg"},"content":{"rendered":"\n<figure class=\"wp-block-image aligncenter size-full\"><img loading=\"lazy\" decoding=\"async\" width=\"1400\" height=\"927\" src=\"https:\/\/wgphoto.pl\/t\/wp-content\/uploads\/2025\/01\/IMGP8807-1.jpg\" alt=\"\" class=\"wp-image-11254\" srcset=\"https:\/\/wgphoto.pl\/t\/wp-content\/uploads\/2025\/01\/IMGP8807-1.jpg 1400w, https:\/\/wgphoto.pl\/t\/wp-content\/uploads\/2025\/01\/IMGP8807-1-300x199.jpg 300w, https:\/\/wgphoto.pl\/t\/wp-content\/uploads\/2025\/01\/IMGP8807-1-768x509.jpg 768w\" sizes=\"auto, (max-width: 1400px) 100vw, 1400px\" \/><\/figure>\n\n\n\n<div class=\"wp-block-group has-global-padding is-layout-constrained wp-block-group-is-layout-constrained\">\n<p>Kr\u00f3tki Impuls oczekuje w Szklarskiej Por\u0119bie G\u00f3rnej na powrotny kurs do Wroc\u0142awia, kt\u00f3ry b\u0119dzie podbiera\u0142 pasa\u017cer\u00f3w &#8222;Kamie\u0144czykowi&#8221; Przewoz\u00f3w Regionalnych (nie ma czego \u017ca\u0142owa\u0107, bo obs\u0142ugiwanemu tego dnia zestawem 2EN57). Obecnie taki widok mo\u017cna na tej stacji ogl\u0105da\u0107 pi\u0119\u0107 razy dziennie (w \u0142ykend &#8211; sze\u015b\u0107; opis z 2014). 12.12.2014<\/p>\n<\/div>\n","protected":false},"excerpt":{"rendered":"<p>Kr\u00f3tki Impuls oczekuje w Szklarskiej Por\u0119bie G\u00f3rnej na powrotny kurs do Wroc\u0142awia, kt\u00f3ry b\u0119dzie podbiera\u0142 pasa\u017cer\u00f3w &#8222;Kamie\u0144czykowi&#8221; Przewoz\u00f3w Regionalnych (nie ma czego \u017ca\u0142owa\u0107, bo obs\u0142ugiwanemu tego dnia zestawem 2EN57). Obecnie taki widok mo\u017cna na tej stacji ogl\u0105da\u0107 pi\u0119\u0107 razy dziennie (w \u0142ykend &#8211; sze\u015b\u0107; opis z 2014). 12.12.2014<\/p>\n","protected":false},"author":1,"featured_media":11254,"comment_status":"open","ping_status":"","sticky":false,"template":"","format":"standard","meta":{"footnotes":""},"categories":[2,48],"tags":[3017,401,402,404,27,44,202,934,200],"class_list":["post-10360","post","type-post","status-publish","format-standard","has-post-thumbnail","hentry","category-kolej","category-rok-2014","tag-2014-12-12","tag-36we","tag-kd","tag-newag-impuls","tag-polska","tag-snieg","tag-specjalny","tag-szklarska-poreba-gorna","tag-tab-pl240"],"_links":{"self":[{"href":"https:\/\/wgphoto.pl\/t\/index.php?rest_route=\/wp\/v2\/posts\/10360","targetHints":{"allow":["GET"]}}],"collection":[{"href":"https:\/\/wgphoto.pl\/t\/index.php?rest_route=\/wp\/v2\/posts"}],"about":[{"href":"https:\/\/wgphoto.pl\/t\/index.php?rest_route=\/wp\/v2\/types\/post"}],"author":[{"embeddable":true,"href":"https:\/\/wgphoto.pl\/t\/index.php?rest_route=\/wp\/v2\/users\/1"}],"replies":[{"embeddable":true,"href":"https:\/\/wgphoto.pl\/t\/index.php?rest_route=%2Fwp%2Fv2%2Fcomments&post=10360"}],"version-history":[{"count":2,"href":"https:\/\/wgphoto.pl\/t\/index.php?rest_route=\/wp\/v2\/posts\/10360\/revisions"}],"predecessor-version":[{"id":11255,"href":"https:\/\/wgphoto.pl\/t\/index.php?rest_route=\/wp\/v2\/posts\/10360\/revisions\/11255"}],"wp:featuredmedia":[{"embeddable":true,"href":"https:\/\/wgphoto.pl\/t\/index.php?rest_route=\/wp\/v2\/media\/11254"}],"wp:attachment":[{"href":"https:\/\/wgphoto.pl\/t\/index.php?rest_route=%2Fwp%2Fv2%2Fmedia&parent=10360"}],"wp:term":[{"taxonomy":"category","embeddable":true,"href":"https:\/\/wgphoto.pl\/t\/index.php?rest_route=%2Fwp%2Fv2%2Fcategories&post=10360"},{"taxonomy":"post_tag","embeddable":true,"href":"https:\/\/wgphoto.pl\/t\/index.php?rest_route=%2Fwp%2Fv2%2Ftags&post=10360"}],"curies":[{"name":"wp","href":"https:\/\/api.w.org\/{rel}","templated":true}]}}