{"id":10369,"date":"2025-01-23T20:53:59","date_gmt":"2025-01-23T19:53:59","guid":{"rendered":"https:\/\/wgphoto.pl\/t\/?p=10369"},"modified":"2025-01-23T20:53:59","modified_gmt":"2025-01-23T19:53:59","slug":"102na-nr-2069","status":"publish","type":"post","link":"https:\/\/wgphoto.pl\/t\/?p=10369","title":{"rendered":"102Na nr 2069"},"content":{"rendered":"\n<figure class=\"wp-block-image aligncenter size-full\"><img loading=\"lazy\" decoding=\"async\" width=\"1300\" height=\"870\" src=\"https:\/\/wgphoto.pl\/t\/wp-content\/uploads\/2025\/01\/IMGP0920-2.jpg\" alt=\"\" class=\"wp-image-10372\" srcset=\"https:\/\/wgphoto.pl\/t\/wp-content\/uploads\/2025\/01\/IMGP0920-2.jpg 1300w, https:\/\/wgphoto.pl\/t\/wp-content\/uploads\/2025\/01\/IMGP0920-2-300x201.jpg 300w, https:\/\/wgphoto.pl\/t\/wp-content\/uploads\/2025\/01\/IMGP0920-2-768x514.jpg 768w\" sizes=\"auto, (max-width: 1300px) 100vw, 1300px\" \/><\/figure>\n\n\n\n<div class=\"wp-block-group has-global-padding is-layout-constrained wp-block-group-is-layout-constrained\">\n<p>Wroc\u0142aw, p\u0119tla Ksi\u0119\u017ce Ma\u0142e. Z lewej strony widoczna jest ulica Katowicka wraz ze swoj\u0105 charakterystyczn\u0105 zabudow\u0105, po prawej za\u015b stodw\u00f3jka, kt\u00f3ra &#8211; s\u0105dz\u0105c po tej teczce za szyb\u0105 &#8211; musia\u0142a tego dnia pe\u0142ni\u0107 rol\u0119 awaryjnego. 04.12.2009<\/p>\n<\/div>\n","protected":false},"excerpt":{"rendered":"<p>Wroc\u0142aw, p\u0119tla Ksi\u0119\u017ce Ma\u0142e. Z lewej strony widoczna jest ulica Katowicka wraz ze swoj\u0105 charakterystyczn\u0105 zabudow\u0105, po prawej za\u015b stodw\u00f3jka, kt\u00f3ra &#8211; s\u0105dz\u0105c po tej teczce za szyb\u0105 &#8211; musia\u0142a tego dnia pe\u0142ni\u0107 rol\u0119 awaryjnego. 04.12.2009<\/p>\n","protected":false},"author":1,"featured_media":10372,"comment_status":"open","ping_status":"","sticky":false,"template":"","format":"standard","meta":{"footnotes":""},"categories":[169,3],"tags":[3020,309,42,27,439,41],"class_list":["post-10369","post","type-post","status-publish","format-standard","has-post-thumbnail","hentry","category-rok-2009","category-tramwaj","tag-2009-12-04","tag-konstal-102na","tag-mpk-wroclaw","tag-polska","tag-we-fabryce","tag-wroclaw"],"_links":{"self":[{"href":"https:\/\/wgphoto.pl\/t\/index.php?rest_route=\/wp\/v2\/posts\/10369","targetHints":{"allow":["GET"]}}],"collection":[{"href":"https:\/\/wgphoto.pl\/t\/index.php?rest_route=\/wp\/v2\/posts"}],"about":[{"href":"https:\/\/wgphoto.pl\/t\/index.php?rest_route=\/wp\/v2\/types\/post"}],"author":[{"embeddable":true,"href":"https:\/\/wgphoto.pl\/t\/index.php?rest_route=\/wp\/v2\/users\/1"}],"replies":[{"embeddable":true,"href":"https:\/\/wgphoto.pl\/t\/index.php?rest_route=%2Fwp%2Fv2%2Fcomments&post=10369"}],"version-history":[{"count":1,"href":"https:\/\/wgphoto.pl\/t\/index.php?rest_route=\/wp\/v2\/posts\/10369\/revisions"}],"predecessor-version":[{"id":10373,"href":"https:\/\/wgphoto.pl\/t\/index.php?rest_route=\/wp\/v2\/posts\/10369\/revisions\/10373"}],"wp:featuredmedia":[{"embeddable":true,"href":"https:\/\/wgphoto.pl\/t\/index.php?rest_route=\/wp\/v2\/media\/10372"}],"wp:attachment":[{"href":"https:\/\/wgphoto.pl\/t\/index.php?rest_route=%2Fwp%2Fv2%2Fmedia&parent=10369"}],"wp:term":[{"taxonomy":"category","embeddable":true,"href":"https:\/\/wgphoto.pl\/t\/index.php?rest_route=%2Fwp%2Fv2%2Fcategories&post=10369"},{"taxonomy":"post_tag","embeddable":true,"href":"https:\/\/wgphoto.pl\/t\/index.php?rest_route=%2Fwp%2Fv2%2Ftags&post=10369"}],"curies":[{"name":"wp","href":"https:\/\/api.w.org\/{rel}","templated":true}]}}