{"id":10377,"date":"2025-01-23T20:57:06","date_gmt":"2025-01-23T19:57:06","guid":{"rendered":"https:\/\/wgphoto.pl\/t\/?p=10377"},"modified":"2025-01-23T20:57:06","modified_gmt":"2025-01-23T19:57:06","slug":"sylwestrowy-poranek","status":"publish","type":"post","link":"https:\/\/wgphoto.pl\/t\/?p=10377","title":{"rendered":"Sylwestrowy poranek"},"content":{"rendered":"\n<figure class=\"wp-block-image aligncenter size-full\"><img loading=\"lazy\" decoding=\"async\" width=\"1050\" height=\"700\" src=\"https:\/\/wgphoto.pl\/t\/wp-content\/uploads\/2025\/01\/IMGP6336.jpg\" alt=\"\" class=\"wp-image-10378\" srcset=\"https:\/\/wgphoto.pl\/t\/wp-content\/uploads\/2025\/01\/IMGP6336.jpg 1050w, https:\/\/wgphoto.pl\/t\/wp-content\/uploads\/2025\/01\/IMGP6336-300x200.jpg 300w, https:\/\/wgphoto.pl\/t\/wp-content\/uploads\/2025\/01\/IMGP6336-768x512.jpg 768w\" sizes=\"auto, (max-width: 1050px) 100vw, 1050px\" \/><\/figure>\n\n\n\n<div class=\"wp-block-group has-global-padding is-layout-constrained wp-block-group-is-layout-constrained\">\n<p>Wroc\u0142aw, zajezdnia Borek. 205WrAs 2714 za par\u0119 minut wyruszy na miasto, gdzie raczej nie b\u0119dzie si\u0119 nudzi\u0107. Podobnie zreszt\u0105 jak motorniczy biegaj\u0105cy z tablicami. \u017ba\u0142uj\u0119 troch\u0119, \u017ce nie wykorzysta\u0142em lepiej motywu &#8222;kana\u0142owego&#8221;, a niecz\u0119sto zdarza\u0142o mi si\u0119 bra\u0107 w\u00f3z stoj\u0105cy na nowej hali. 31.12.2011<\/p>\n<\/div>\n","protected":false},"excerpt":{"rendered":"<p>Wroc\u0142aw, zajezdnia Borek. 205WrAs 2714 za par\u0119 minut wyruszy na miasto, gdzie raczej nie b\u0119dzie si\u0119 nudzi\u0107. Podobnie zreszt\u0105 jak motorniczy biegaj\u0105cy z tablicami. \u017ba\u0142uj\u0119 troch\u0119, \u017ce nie wykorzysta\u0142em lepiej motywu &#8222;kana\u0142owego&#8221;, a niecz\u0119sto zdarza\u0142o mi si\u0119 bra\u0107 w\u00f3z stoj\u0105cy na nowej hali. 31.12.2011<\/p>\n","protected":false},"author":1,"featured_media":10378,"comment_status":"open","ping_status":"","sticky":false,"template":"","format":"standard","meta":{"footnotes":""},"categories":[77,3],"tags":[3021,42,27,1096,439,41,138],"class_list":["post-10377","post","type-post","status-publish","format-standard","has-post-thumbnail","hentry","category-rok-2011","category-tramwaj","tag-2011-12-31","tag-mpk-wroclaw","tag-polska","tag-protram-205wras","tag-we-fabryce","tag-wroclaw","tag-zajezdnia"],"_links":{"self":[{"href":"https:\/\/wgphoto.pl\/t\/index.php?rest_route=\/wp\/v2\/posts\/10377","targetHints":{"allow":["GET"]}}],"collection":[{"href":"https:\/\/wgphoto.pl\/t\/index.php?rest_route=\/wp\/v2\/posts"}],"about":[{"href":"https:\/\/wgphoto.pl\/t\/index.php?rest_route=\/wp\/v2\/types\/post"}],"author":[{"embeddable":true,"href":"https:\/\/wgphoto.pl\/t\/index.php?rest_route=\/wp\/v2\/users\/1"}],"replies":[{"embeddable":true,"href":"https:\/\/wgphoto.pl\/t\/index.php?rest_route=%2Fwp%2Fv2%2Fcomments&post=10377"}],"version-history":[{"count":1,"href":"https:\/\/wgphoto.pl\/t\/index.php?rest_route=\/wp\/v2\/posts\/10377\/revisions"}],"predecessor-version":[{"id":10379,"href":"https:\/\/wgphoto.pl\/t\/index.php?rest_route=\/wp\/v2\/posts\/10377\/revisions\/10379"}],"wp:featuredmedia":[{"embeddable":true,"href":"https:\/\/wgphoto.pl\/t\/index.php?rest_route=\/wp\/v2\/media\/10378"}],"wp:attachment":[{"href":"https:\/\/wgphoto.pl\/t\/index.php?rest_route=%2Fwp%2Fv2%2Fmedia&parent=10377"}],"wp:term":[{"taxonomy":"category","embeddable":true,"href":"https:\/\/wgphoto.pl\/t\/index.php?rest_route=%2Fwp%2Fv2%2Fcategories&post=10377"},{"taxonomy":"post_tag","embeddable":true,"href":"https:\/\/wgphoto.pl\/t\/index.php?rest_route=%2Fwp%2Fv2%2Ftags&post=10377"}],"curies":[{"name":"wp","href":"https:\/\/api.w.org\/{rel}","templated":true}]}}