{"id":10386,"date":"2025-01-23T21:01:22","date_gmt":"2025-01-23T20:01:22","guid":{"rendered":"https:\/\/wgphoto.pl\/t\/?p=10386"},"modified":"2025-01-23T21:01:22","modified_gmt":"2025-01-23T20:01:22","slug":"nusle","status":"publish","type":"post","link":"https:\/\/wgphoto.pl\/t\/?p=10386","title":{"rendered":"Nusle"},"content":{"rendered":"\n<figure class=\"wp-block-image aligncenter size-full\"><img loading=\"lazy\" decoding=\"async\" width=\"1200\" height=\"795\" src=\"https:\/\/wgphoto.pl\/t\/wp-content\/uploads\/2025\/01\/IMGP8959.jpg\" alt=\"\" class=\"wp-image-10387\" srcset=\"https:\/\/wgphoto.pl\/t\/wp-content\/uploads\/2025\/01\/IMGP8959.jpg 1200w, https:\/\/wgphoto.pl\/t\/wp-content\/uploads\/2025\/01\/IMGP8959-300x199.jpg 300w, https:\/\/wgphoto.pl\/t\/wp-content\/uploads\/2025\/01\/IMGP8959-768x509.jpg 768w\" sizes=\"auto, (max-width: 1200px) 100vw, 1200px\" \/><\/figure>\n\n\n\n<div class=\"wp-block-group has-global-padding is-layout-constrained wp-block-group-is-layout-constrained\">\n<p>Ulic\u0105 Jarom\u00edrovou pomyka nowa \u0160koda, a nad okolic\u0105 g\u00f3ruje Nuselsk\u00fd most, przenosz\u0105cy nad Nuselsk\u0105 Dolin\u0105 sze\u015bciopasow\u0105 drog\u0119 oraz (pod jezdni\u0105) tory metra linii C. 29.12.2014<\/p>\n<\/div>\n","protected":false},"excerpt":{"rendered":"<p>Ulic\u0105 Jarom\u00edrovou pomyka nowa \u0160koda, a nad okolic\u0105 g\u00f3ruje Nuselsk\u00fd most, przenosz\u0105cy nad Nuselsk\u0105 Dolin\u0105 sze\u015bciopasow\u0105 drog\u0119 oraz (pod jezdni\u0105) tory metra linii C. 29.12.2014<\/p>\n","protected":false},"author":1,"featured_media":10387,"comment_status":"open","ping_status":"","sticky":false,"template":"","format":"standard","meta":{"footnotes":""},"categories":[48,3],"tags":[3022,34,49,1049,113,52,95,44],"class_list":["post-10386","post","type-post","status-publish","format-standard","has-post-thumbnail","hentry","category-rok-2014","category-tramwaj","tag-2014-12-29","tag-architektura","tag-czechy","tag-dp-praha","tag-landszaft","tag-praga","tag-skoda-15t","tag-snieg"],"_links":{"self":[{"href":"https:\/\/wgphoto.pl\/t\/index.php?rest_route=\/wp\/v2\/posts\/10386","targetHints":{"allow":["GET"]}}],"collection":[{"href":"https:\/\/wgphoto.pl\/t\/index.php?rest_route=\/wp\/v2\/posts"}],"about":[{"href":"https:\/\/wgphoto.pl\/t\/index.php?rest_route=\/wp\/v2\/types\/post"}],"author":[{"embeddable":true,"href":"https:\/\/wgphoto.pl\/t\/index.php?rest_route=\/wp\/v2\/users\/1"}],"replies":[{"embeddable":true,"href":"https:\/\/wgphoto.pl\/t\/index.php?rest_route=%2Fwp%2Fv2%2Fcomments&post=10386"}],"version-history":[{"count":1,"href":"https:\/\/wgphoto.pl\/t\/index.php?rest_route=\/wp\/v2\/posts\/10386\/revisions"}],"predecessor-version":[{"id":10388,"href":"https:\/\/wgphoto.pl\/t\/index.php?rest_route=\/wp\/v2\/posts\/10386\/revisions\/10388"}],"wp:featuredmedia":[{"embeddable":true,"href":"https:\/\/wgphoto.pl\/t\/index.php?rest_route=\/wp\/v2\/media\/10387"}],"wp:attachment":[{"href":"https:\/\/wgphoto.pl\/t\/index.php?rest_route=%2Fwp%2Fv2%2Fmedia&parent=10386"}],"wp:term":[{"taxonomy":"category","embeddable":true,"href":"https:\/\/wgphoto.pl\/t\/index.php?rest_route=%2Fwp%2Fv2%2Fcategories&post=10386"},{"taxonomy":"post_tag","embeddable":true,"href":"https:\/\/wgphoto.pl\/t\/index.php?rest_route=%2Fwp%2Fv2%2Ftags&post=10386"}],"curies":[{"name":"wp","href":"https:\/\/api.w.org\/{rel}","templated":true}]}}