{"id":1039,"date":"2024-10-01T21:38:00","date_gmt":"2024-10-01T19:38:00","guid":{"rendered":"https:\/\/wgphoto.pl\/t\/?p=1039"},"modified":"2024-10-01T21:38:00","modified_gmt":"2024-10-01T19:38:00","slug":"kt4d-242","status":"publish","type":"post","link":"https:\/\/wgphoto.pl\/t\/?p=1039","title":{"rendered":"KT4D 242"},"content":{"rendered":"\n<figure class=\"wp-block-image aligncenter size-full\"><img loading=\"lazy\" decoding=\"async\" width=\"750\" height=\"1000\" src=\"https:\/\/wgphoto.pl\/t\/wp-content\/uploads\/2024\/10\/IMGP9728.jpg\" alt=\"\" class=\"wp-image-1040\" srcset=\"https:\/\/wgphoto.pl\/t\/wp-content\/uploads\/2024\/10\/IMGP9728.jpg 750w, https:\/\/wgphoto.pl\/t\/wp-content\/uploads\/2024\/10\/IMGP9728-225x300.jpg 225w\" sizes=\"auto, (max-width: 750px) 100vw, 750px\" \/><\/figure>\n\n\n\n<div class=\"wp-block-group has-global-padding is-layout-constrained wp-block-group-is-layout-constrained\">\n<p>Plauen, Pausaer Stra\u00dfe. W przedwieczornej szar\u00f3wce pusta <em>kat\u00f3wka<\/em>, jad\u0105c przez pust\u0105 okolic\u0119, wraca spod zak\u0142ad\u00f3w Plamag do centrum. 10.09.2009<\/p>\n<\/div>\n","protected":false},"excerpt":{"rendered":"<p>Plauen, Pausaer Stra\u00dfe. W przedwieczornej szar\u00f3wce pusta kat\u00f3wka, jad\u0105c przez pust\u0105 okolic\u0119, wraca spod zak\u0142ad\u00f3w Plamag do centrum. 10.09.2009<\/p>\n","protected":false},"author":1,"featured_media":1040,"comment_status":"open","ping_status":"","sticky":false,"template":"","format":"standard","meta":{"footnotes":""},"categories":[128,169,3],"tags":[490,23,118,489,488,33,90],"class_list":["post-1039","post","type-post","status-publish","format-standard","has-post-thumbnail","hentry","category-pionowe","category-rok-2009","category-tramwaj","tag-2009-09-10","tag-niemcy","tag-plany-i-profile","tag-plauen","tag-psb-plauen","tag-tatra-kt4","tag-wieczorem"],"_links":{"self":[{"href":"https:\/\/wgphoto.pl\/t\/index.php?rest_route=\/wp\/v2\/posts\/1039","targetHints":{"allow":["GET"]}}],"collection":[{"href":"https:\/\/wgphoto.pl\/t\/index.php?rest_route=\/wp\/v2\/posts"}],"about":[{"href":"https:\/\/wgphoto.pl\/t\/index.php?rest_route=\/wp\/v2\/types\/post"}],"author":[{"embeddable":true,"href":"https:\/\/wgphoto.pl\/t\/index.php?rest_route=\/wp\/v2\/users\/1"}],"replies":[{"embeddable":true,"href":"https:\/\/wgphoto.pl\/t\/index.php?rest_route=%2Fwp%2Fv2%2Fcomments&post=1039"}],"version-history":[{"count":1,"href":"https:\/\/wgphoto.pl\/t\/index.php?rest_route=\/wp\/v2\/posts\/1039\/revisions"}],"predecessor-version":[{"id":1041,"href":"https:\/\/wgphoto.pl\/t\/index.php?rest_route=\/wp\/v2\/posts\/1039\/revisions\/1041"}],"wp:featuredmedia":[{"embeddable":true,"href":"https:\/\/wgphoto.pl\/t\/index.php?rest_route=\/wp\/v2\/media\/1040"}],"wp:attachment":[{"href":"https:\/\/wgphoto.pl\/t\/index.php?rest_route=%2Fwp%2Fv2%2Fmedia&parent=1039"}],"wp:term":[{"taxonomy":"category","embeddable":true,"href":"https:\/\/wgphoto.pl\/t\/index.php?rest_route=%2Fwp%2Fv2%2Fcategories&post=1039"},{"taxonomy":"post_tag","embeddable":true,"href":"https:\/\/wgphoto.pl\/t\/index.php?rest_route=%2Fwp%2Fv2%2Ftags&post=1039"}],"curies":[{"name":"wp","href":"https:\/\/api.w.org\/{rel}","templated":true}]}}