{"id":10392,"date":"2025-01-23T21:03:21","date_gmt":"2025-01-23T20:03:21","guid":{"rendered":"https:\/\/wgphoto.pl\/t\/?p=10392"},"modified":"2025-01-23T21:03:21","modified_gmt":"2025-01-23T20:03:21","slug":"aniol","status":"publish","type":"post","link":"https:\/\/wgphoto.pl\/t\/?p=10392","title":{"rendered":"Anio\u0142"},"content":{"rendered":"\n<figure class=\"wp-block-image aligncenter size-full\"><img loading=\"lazy\" decoding=\"async\" width=\"1050\" height=\"700\" src=\"https:\/\/wgphoto.pl\/t\/wp-content\/uploads\/2025\/01\/IMGP9030.jpg\" alt=\"\" class=\"wp-image-10393\" srcset=\"https:\/\/wgphoto.pl\/t\/wp-content\/uploads\/2025\/01\/IMGP9030.jpg 1050w, https:\/\/wgphoto.pl\/t\/wp-content\/uploads\/2025\/01\/IMGP9030-300x200.jpg 300w, https:\/\/wgphoto.pl\/t\/wp-content\/uploads\/2025\/01\/IMGP9030-768x512.jpg 768w\" sizes=\"auto, (max-width: 1050px) 100vw, 1050px\" \/><\/figure>\n\n\n\n<div class=\"wp-block-group has-global-padding is-layout-constrained wp-block-group-is-layout-constrained\">\n<p>Praga, Plze\u0148sk\u00e1 ulice. Solowa tatra zatrzyma\u0142a si\u0119 pod centrum handlowym na przystanku wchodz\u0105cym w sk\u0142ad jednego z wa\u017cniejszych w\u0119z\u0142\u00f3w przesiadkowych lewobrze\u017cnej Pragi, kt\u00f3ry sw\u0105 nazw\u0119 &#8211; And\u011bl (pol. anio\u0142) &#8211; wzi\u0105\u0142 od znajduj\u0105cej si\u0119 tu niegdy\u015b kamienicy z rze\u017ab\u0105 z\u0142otego anio\u0142a. Na jej miejscu stoi dzi\u015b (na prawo od kadru) szklany budynek kolejnego centrum handlowego. 29.12.2014<\/p>\n<\/div>\n","protected":false},"excerpt":{"rendered":"<p>Praga, Plze\u0148sk\u00e1 ulice. Solowa tatra zatrzyma\u0142a si\u0119 pod centrum handlowym na przystanku wchodz\u0105cym w sk\u0142ad jednego z wa\u017cniejszych w\u0119z\u0142\u00f3w przesiadkowych lewobrze\u017cnej Pragi, kt\u00f3ry sw\u0105 nazw\u0119 &#8211; And\u011bl (pol. anio\u0142) &#8211; wzi\u0105\u0142 od znajduj\u0105cej si\u0119 tu niegdy\u015b kamienicy z rze\u017ab\u0105 z\u0142otego anio\u0142a. Na jej miejscu stoi dzi\u015b (na prawo od kadru) szklany budynek kolejnego centrum handlowego. [&hellip;]<\/p>\n","protected":false},"author":1,"featured_media":10393,"comment_status":"open","ping_status":"","sticky":false,"template":"","format":"standard","meta":{"footnotes":""},"categories":[48,3],"tags":[3022,34,49,1049,154,52,1011],"class_list":["post-10392","post","type-post","status-publish","format-standard","has-post-thumbnail","hentry","category-rok-2014","category-tramwaj","tag-2014-12-29","tag-architektura","tag-czechy","tag-dp-praha","tag-noc","tag-praga","tag-tatra-t3"],"_links":{"self":[{"href":"https:\/\/wgphoto.pl\/t\/index.php?rest_route=\/wp\/v2\/posts\/10392","targetHints":{"allow":["GET"]}}],"collection":[{"href":"https:\/\/wgphoto.pl\/t\/index.php?rest_route=\/wp\/v2\/posts"}],"about":[{"href":"https:\/\/wgphoto.pl\/t\/index.php?rest_route=\/wp\/v2\/types\/post"}],"author":[{"embeddable":true,"href":"https:\/\/wgphoto.pl\/t\/index.php?rest_route=\/wp\/v2\/users\/1"}],"replies":[{"embeddable":true,"href":"https:\/\/wgphoto.pl\/t\/index.php?rest_route=%2Fwp%2Fv2%2Fcomments&post=10392"}],"version-history":[{"count":1,"href":"https:\/\/wgphoto.pl\/t\/index.php?rest_route=\/wp\/v2\/posts\/10392\/revisions"}],"predecessor-version":[{"id":10394,"href":"https:\/\/wgphoto.pl\/t\/index.php?rest_route=\/wp\/v2\/posts\/10392\/revisions\/10394"}],"wp:featuredmedia":[{"embeddable":true,"href":"https:\/\/wgphoto.pl\/t\/index.php?rest_route=\/wp\/v2\/media\/10393"}],"wp:attachment":[{"href":"https:\/\/wgphoto.pl\/t\/index.php?rest_route=%2Fwp%2Fv2%2Fmedia&parent=10392"}],"wp:term":[{"taxonomy":"category","embeddable":true,"href":"https:\/\/wgphoto.pl\/t\/index.php?rest_route=%2Fwp%2Fv2%2Fcategories&post=10392"},{"taxonomy":"post_tag","embeddable":true,"href":"https:\/\/wgphoto.pl\/t\/index.php?rest_route=%2Fwp%2Fv2%2Ftags&post=10392"}],"curies":[{"name":"wp","href":"https:\/\/api.w.org\/{rel}","templated":true}]}}