{"id":10401,"date":"2025-01-23T21:06:46","date_gmt":"2025-01-23T20:06:46","guid":{"rendered":"https:\/\/wgphoto.pl\/t\/?p=10401"},"modified":"2025-01-23T21:06:46","modified_gmt":"2025-01-23T20:06:46","slug":"skoda-15t-nr-9291","status":"publish","type":"post","link":"https:\/\/wgphoto.pl\/t\/?p=10401","title":{"rendered":"\u0160koda 15T nr 9291"},"content":{"rendered":"\n<figure class=\"wp-block-image aligncenter size-full\"><img loading=\"lazy\" decoding=\"async\" width=\"1050\" height=\"750\" src=\"http:\/\/wgphoto.pl\/t\/wp-content\/uploads\/2025\/01\/IMGP9032.jpg\" alt=\"\" class=\"wp-image-10402\"\/><\/figure>\n\n\n\n<div class=\"wp-block-group has-global-padding is-layout-constrained wp-block-group-is-layout-constrained\">\n<p>Praga, N\u00e1m\u011bst\u00ed M\u00edru. \u0160koda odbywa kr\u00f3tki post\u00f3j na przystanku pod monumentalnym ko\u015bcio\u0142em \u015aw. Ludmi\u0142y. Przy okazji mo\u017cna zauwa\u017cy\u0107, \u017ce s\u0142upki przystankowe s\u0105 w Pradze pod\u015bwietlane, w zwi\u0105zku z czym do lektury rozk\u0142adu jazdy noc\u0105 nie jest wymagane posiadanie latarki &#8211; jak to nierzadko bywa w przyk\u0142adowym Wroc\u0142awiu. 29.12.2014<\/p>\n<\/div>\n","protected":false},"excerpt":{"rendered":"<p>Praga, N\u00e1m\u011bst\u00ed M\u00edru. \u0160koda odbywa kr\u00f3tki post\u00f3j na przystanku pod monumentalnym ko\u015bcio\u0142em \u015aw. Ludmi\u0142y. Przy okazji mo\u017cna zauwa\u017cy\u0107, \u017ce s\u0142upki przystankowe s\u0105 w Pradze pod\u015bwietlane, w zwi\u0105zku z czym do lektury rozk\u0142adu jazdy noc\u0105 nie jest wymagane posiadanie latarki &#8211; jak to nierzadko bywa w przyk\u0142adowym Wroc\u0142awiu. 29.12.2014<\/p>\n","protected":false},"author":1,"featured_media":10402,"comment_status":"open","ping_status":"","sticky":false,"template":"","format":"standard","meta":{"footnotes":""},"categories":[48,3],"tags":[3022,34,49,1049,154,52,95,44],"class_list":["post-10401","post","type-post","status-publish","format-standard","has-post-thumbnail","hentry","category-rok-2014","category-tramwaj","tag-2014-12-29","tag-architektura","tag-czechy","tag-dp-praha","tag-noc","tag-praga","tag-skoda-15t","tag-snieg"],"_links":{"self":[{"href":"https:\/\/wgphoto.pl\/t\/index.php?rest_route=\/wp\/v2\/posts\/10401","targetHints":{"allow":["GET"]}}],"collection":[{"href":"https:\/\/wgphoto.pl\/t\/index.php?rest_route=\/wp\/v2\/posts"}],"about":[{"href":"https:\/\/wgphoto.pl\/t\/index.php?rest_route=\/wp\/v2\/types\/post"}],"author":[{"embeddable":true,"href":"https:\/\/wgphoto.pl\/t\/index.php?rest_route=\/wp\/v2\/users\/1"}],"replies":[{"embeddable":true,"href":"https:\/\/wgphoto.pl\/t\/index.php?rest_route=%2Fwp%2Fv2%2Fcomments&post=10401"}],"version-history":[{"count":1,"href":"https:\/\/wgphoto.pl\/t\/index.php?rest_route=\/wp\/v2\/posts\/10401\/revisions"}],"predecessor-version":[{"id":10403,"href":"https:\/\/wgphoto.pl\/t\/index.php?rest_route=\/wp\/v2\/posts\/10401\/revisions\/10403"}],"wp:featuredmedia":[{"embeddable":true,"href":"https:\/\/wgphoto.pl\/t\/index.php?rest_route=\/wp\/v2\/media\/10402"}],"wp:attachment":[{"href":"https:\/\/wgphoto.pl\/t\/index.php?rest_route=%2Fwp%2Fv2%2Fmedia&parent=10401"}],"wp:term":[{"taxonomy":"category","embeddable":true,"href":"https:\/\/wgphoto.pl\/t\/index.php?rest_route=%2Fwp%2Fv2%2Fcategories&post=10401"},{"taxonomy":"post_tag","embeddable":true,"href":"https:\/\/wgphoto.pl\/t\/index.php?rest_route=%2Fwp%2Fv2%2Ftags&post=10401"}],"curies":[{"name":"wp","href":"https:\/\/api.w.org\/{rel}","templated":true}]}}