{"id":10404,"date":"2025-01-23T21:09:15","date_gmt":"2025-01-23T20:09:15","guid":{"rendered":"https:\/\/wgphoto.pl\/t\/?p=10404"},"modified":"2025-01-23T21:09:15","modified_gmt":"2025-01-23T20:09:15","slug":"stacja-ateny","status":"publish","type":"post","link":"https:\/\/wgphoto.pl\/t\/?p=10404","title":{"rendered":"Stacja Ateny"},"content":{"rendered":"\n<figure class=\"wp-block-image aligncenter size-full\"><img loading=\"lazy\" decoding=\"async\" width=\"1050\" height=\"700\" src=\"https:\/\/wgphoto.pl\/t\/wp-content\/uploads\/2025\/01\/IMGP8250.jpg\" alt=\"\" class=\"wp-image-10405\" srcset=\"https:\/\/wgphoto.pl\/t\/wp-content\/uploads\/2025\/01\/IMGP8250.jpg 1050w, https:\/\/wgphoto.pl\/t\/wp-content\/uploads\/2025\/01\/IMGP8250-300x200.jpg 300w, https:\/\/wgphoto.pl\/t\/wp-content\/uploads\/2025\/01\/IMGP8250-768x512.jpg 768w\" sizes=\"auto, (max-width: 1050px) 100vw, 1050px\" \/><\/figure>\n\n\n\n<div class=\"wp-block-group has-global-padding is-layout-constrained wp-block-group-is-layout-constrained\">\n<p>Dworzec g\u0142\u00f3wny w stolicy kraju nosi nazw\u0119, po prostu, Ateny. Na zdj\u0119cie za\u0142apa\u0142a si\u0119 ca\u0142a wykorzystywana na co dzie\u0144 infrastruktura: niedu\u017cy budynek z obszern\u0105 wiat\u0105 wielko\u015bci niczym w przeci\u0119tnym czeskim mie\u015bcie powiatowym oraz trzy kraw\u0119dzie peronowe (skrajnie lewa wygl\u0105da na nieu\u017cywan\u0105). Dalej w lewo by\u0142y jeszcze trzy d\u0142uga\u015bne perony z r\u00f3wnie d\u0142uga\u015bnymi wiatami, schodami ruchomymi i windami oraz s\u0142upami trakcyjnymi pozbawionymi sieci, ale to wszystko sprawia\u0142o wra\u017cenie zbudowanego na olimpiad\u0119 i od tamtej pory nieu\u017cywanego. Pomimo wszelkich niedoskona\u0142o\u015bci technicznych prezentuj\u0119 takiego knota w formie ciekawostki. 2014-11-07<\/p>\n<\/div>\n","protected":false},"excerpt":{"rendered":"<p>Dworzec g\u0142\u00f3wny w stolicy kraju nosi nazw\u0119, po prostu, Ateny. Na zdj\u0119cie za\u0142apa\u0142a si\u0119 ca\u0142a wykorzystywana na co dzie\u0144 infrastruktura: niedu\u017cy budynek z obszern\u0105 wiat\u0105 wielko\u015bci niczym w przeci\u0119tnym czeskim mie\u015bcie powiatowym oraz trzy kraw\u0119dzie peronowe (skrajnie lewa wygl\u0105da na nieu\u017cywan\u0105). Dalej w lewo by\u0142y jeszcze trzy d\u0142uga\u015bne perony z r\u00f3wnie d\u0142uga\u015bnymi wiatami, schodami ruchomymi [&hellip;]<\/p>\n","protected":false},"author":1,"featured_media":10405,"comment_status":"open","ping_status":"","sticky":false,"template":"","format":"standard","meta":{"footnotes":""},"categories":[2,48],"tags":[1422,1015,1014,2446,3024],"class_list":["post-10404","post","type-post","status-publish","format-standard","has-post-thumbnail","hentry","category-kolej","category-rok-2014","tag-2014-11-07","tag-ateny","tag-grecja","tag-ose","tag-stadler-gtw"],"_links":{"self":[{"href":"https:\/\/wgphoto.pl\/t\/index.php?rest_route=\/wp\/v2\/posts\/10404","targetHints":{"allow":["GET"]}}],"collection":[{"href":"https:\/\/wgphoto.pl\/t\/index.php?rest_route=\/wp\/v2\/posts"}],"about":[{"href":"https:\/\/wgphoto.pl\/t\/index.php?rest_route=\/wp\/v2\/types\/post"}],"author":[{"embeddable":true,"href":"https:\/\/wgphoto.pl\/t\/index.php?rest_route=\/wp\/v2\/users\/1"}],"replies":[{"embeddable":true,"href":"https:\/\/wgphoto.pl\/t\/index.php?rest_route=%2Fwp%2Fv2%2Fcomments&post=10404"}],"version-history":[{"count":1,"href":"https:\/\/wgphoto.pl\/t\/index.php?rest_route=\/wp\/v2\/posts\/10404\/revisions"}],"predecessor-version":[{"id":10406,"href":"https:\/\/wgphoto.pl\/t\/index.php?rest_route=\/wp\/v2\/posts\/10404\/revisions\/10406"}],"wp:featuredmedia":[{"embeddable":true,"href":"https:\/\/wgphoto.pl\/t\/index.php?rest_route=\/wp\/v2\/media\/10405"}],"wp:attachment":[{"href":"https:\/\/wgphoto.pl\/t\/index.php?rest_route=%2Fwp%2Fv2%2Fmedia&parent=10404"}],"wp:term":[{"taxonomy":"category","embeddable":true,"href":"https:\/\/wgphoto.pl\/t\/index.php?rest_route=%2Fwp%2Fv2%2Fcategories&post=10404"},{"taxonomy":"post_tag","embeddable":true,"href":"https:\/\/wgphoto.pl\/t\/index.php?rest_route=%2Fwp%2Fv2%2Ftags&post=10404"}],"curies":[{"name":"wp","href":"https:\/\/api.w.org\/{rel}","templated":true}]}}