{"id":10433,"date":"2025-01-24T17:15:11","date_gmt":"2025-01-24T16:15:11","guid":{"rendered":"https:\/\/wgphoto.pl\/t\/?p=10433"},"modified":"2025-01-24T17:15:11","modified_gmt":"2025-01-24T16:15:11","slug":"poranna-sniezka","status":"publish","type":"post","link":"https:\/\/wgphoto.pl\/t\/?p=10433","title":{"rendered":"Poranna \u015anie\u017cka"},"content":{"rendered":"\n<figure class=\"wp-block-image aligncenter size-full\"><img loading=\"lazy\" decoding=\"async\" width=\"990\" height=\"660\" src=\"https:\/\/wgphoto.pl\/t\/wp-content\/uploads\/2025\/01\/0812-25.jpg\" alt=\"\" class=\"wp-image-10434\" srcset=\"https:\/\/wgphoto.pl\/t\/wp-content\/uploads\/2025\/01\/0812-25.jpg 990w, https:\/\/wgphoto.pl\/t\/wp-content\/uploads\/2025\/01\/0812-25-300x200.jpg 300w, https:\/\/wgphoto.pl\/t\/wp-content\/uploads\/2025\/01\/0812-25-768x512.jpg 768w\" sizes=\"auto, (max-width: 990px) 100vw, 990px\" \/><\/figure>\n\n\n\n<div class=\"wp-block-group has-global-padding is-layout-constrained wp-block-group-is-layout-constrained\">\n<p>Poci\u0105g z poprzedniego zdj\u0119cia z\u0142apany w promieniach niskiego, porannego s\u0142o\u0144ca na szlaku S\u0119dzis\u0142aw &#8211; Bogusz\u00f3w Gorce Zach\u00f3d, z pasmem Karkonoszy (wraz z ich najwy\u017cszym szczytem) w tle. 31.08.2008<\/p>\n<\/div>\n","protected":false},"excerpt":{"rendered":"<p>Poci\u0105g z poprzedniego zdj\u0119cia z\u0142apany w promieniach niskiego, porannego s\u0142o\u0144ca na szlaku S\u0119dzis\u0142aw &#8211; Bogusz\u00f3w Gorce Zach\u00f3d, z pasmem Karkonoszy (wraz z ich najwy\u017cszym szczytem) w tle. 31.08.2008<\/p>\n","protected":false},"author":1,"featured_media":10434,"comment_status":"open","ping_status":"","sticky":false,"template":"","format":"standard","meta":{"footnotes":""},"categories":[62,2,120],"tags":[2115,122,114,63,27,176,1061,200,1433],"class_list":["post-10433","post","type-post","status-publish","format-standard","has-post-thumbnail","hentry","category-analog","category-kolej","category-rok-2008","tag-2008-08-31","tag-eu07","tag-gory","tag-pkp","tag-polska","tag-rano","tag-sedzislaw","tag-tab-pl240","tag-witkow-slaski"],"_links":{"self":[{"href":"https:\/\/wgphoto.pl\/t\/index.php?rest_route=\/wp\/v2\/posts\/10433","targetHints":{"allow":["GET"]}}],"collection":[{"href":"https:\/\/wgphoto.pl\/t\/index.php?rest_route=\/wp\/v2\/posts"}],"about":[{"href":"https:\/\/wgphoto.pl\/t\/index.php?rest_route=\/wp\/v2\/types\/post"}],"author":[{"embeddable":true,"href":"https:\/\/wgphoto.pl\/t\/index.php?rest_route=\/wp\/v2\/users\/1"}],"replies":[{"embeddable":true,"href":"https:\/\/wgphoto.pl\/t\/index.php?rest_route=%2Fwp%2Fv2%2Fcomments&post=10433"}],"version-history":[{"count":1,"href":"https:\/\/wgphoto.pl\/t\/index.php?rest_route=\/wp\/v2\/posts\/10433\/revisions"}],"predecessor-version":[{"id":10435,"href":"https:\/\/wgphoto.pl\/t\/index.php?rest_route=\/wp\/v2\/posts\/10433\/revisions\/10435"}],"wp:featuredmedia":[{"embeddable":true,"href":"https:\/\/wgphoto.pl\/t\/index.php?rest_route=\/wp\/v2\/media\/10434"}],"wp:attachment":[{"href":"https:\/\/wgphoto.pl\/t\/index.php?rest_route=%2Fwp%2Fv2%2Fmedia&parent=10433"}],"wp:term":[{"taxonomy":"category","embeddable":true,"href":"https:\/\/wgphoto.pl\/t\/index.php?rest_route=%2Fwp%2Fv2%2Fcategories&post=10433"},{"taxonomy":"post_tag","embeddable":true,"href":"https:\/\/wgphoto.pl\/t\/index.php?rest_route=%2Fwp%2Fv2%2Ftags&post=10433"}],"curies":[{"name":"wp","href":"https:\/\/api.w.org\/{rel}","templated":true}]}}