{"id":10439,"date":"2025-01-24T17:16:57","date_gmt":"2025-01-24T16:16:57","guid":{"rendered":"https:\/\/wgphoto.pl\/t\/?p=10439"},"modified":"2025-01-24T17:16:57","modified_gmt":"2025-01-24T16:16:57","slug":"102na-2009","status":"publish","type":"post","link":"https:\/\/wgphoto.pl\/t\/?p=10439","title":{"rendered":"102Na 2009"},"content":{"rendered":"\n<figure class=\"wp-block-image aligncenter size-full\"><img loading=\"lazy\" decoding=\"async\" width=\"1050\" height=\"700\" src=\"https:\/\/wgphoto.pl\/t\/wp-content\/uploads\/2025\/01\/IMGP5643.jpg\" alt=\"\" class=\"wp-image-10440\" srcset=\"https:\/\/wgphoto.pl\/t\/wp-content\/uploads\/2025\/01\/IMGP5643.jpg 1050w, https:\/\/wgphoto.pl\/t\/wp-content\/uploads\/2025\/01\/IMGP5643-300x200.jpg 300w, https:\/\/wgphoto.pl\/t\/wp-content\/uploads\/2025\/01\/IMGP5643-768x512.jpg 768w\" sizes=\"auto, (max-width: 1050px) 100vw, 1050px\" \/><\/figure>\n\n\n\n<div class=\"wp-block-group has-global-padding is-layout-constrained wp-block-group-is-layout-constrained\">\n<p>Wroc\u0142aw, pl. Bema. Siedemnastka zje\u017cd\u017ca z mostu M\u0142y\u0144skiego ci\u0105gn\u0105c za sob\u0105 sznurek aut. Wagon ten kursowa\u0142 w\u00f3wczas co \u0142ykend na innej linii w ramach po\u017cegnania wroc\u0142awskich stodw\u00f3jek, kt\u00f3re ostatecznie znikn\u0119\u0142y z ulic prawie dwa lata p\u00f3\u017aniej. 02.05.2009<\/p>\n<\/div>\n","protected":false},"excerpt":{"rendered":"<p>Wroc\u0142aw, pl. Bema. Siedemnastka zje\u017cd\u017ca z mostu M\u0142y\u0144skiego ci\u0105gn\u0105c za sob\u0105 sznurek aut. Wagon ten kursowa\u0142 w\u00f3wczas co \u0142ykend na innej linii w ramach po\u017cegnania wroc\u0142awskich stodw\u00f3jek, kt\u00f3re ostatecznie znikn\u0119\u0142y z ulic prawie dwa lata p\u00f3\u017aniej. 02.05.2009<\/p>\n","protected":false},"author":1,"featured_media":10440,"comment_status":"open","ping_status":"","sticky":false,"template":"","format":"standard","meta":{"footnotes":""},"categories":[169,3],"tags":[3029,309,45,42,27,41],"class_list":["post-10439","post","type-post","status-publish","format-standard","has-post-thumbnail","hentry","category-rok-2009","category-tramwaj","tag-2009-05-02","tag-konstal-102na","tag-most","tag-mpk-wroclaw","tag-polska","tag-wroclaw"],"_links":{"self":[{"href":"https:\/\/wgphoto.pl\/t\/index.php?rest_route=\/wp\/v2\/posts\/10439","targetHints":{"allow":["GET"]}}],"collection":[{"href":"https:\/\/wgphoto.pl\/t\/index.php?rest_route=\/wp\/v2\/posts"}],"about":[{"href":"https:\/\/wgphoto.pl\/t\/index.php?rest_route=\/wp\/v2\/types\/post"}],"author":[{"embeddable":true,"href":"https:\/\/wgphoto.pl\/t\/index.php?rest_route=\/wp\/v2\/users\/1"}],"replies":[{"embeddable":true,"href":"https:\/\/wgphoto.pl\/t\/index.php?rest_route=%2Fwp%2Fv2%2Fcomments&post=10439"}],"version-history":[{"count":1,"href":"https:\/\/wgphoto.pl\/t\/index.php?rest_route=\/wp\/v2\/posts\/10439\/revisions"}],"predecessor-version":[{"id":10441,"href":"https:\/\/wgphoto.pl\/t\/index.php?rest_route=\/wp\/v2\/posts\/10439\/revisions\/10441"}],"wp:featuredmedia":[{"embeddable":true,"href":"https:\/\/wgphoto.pl\/t\/index.php?rest_route=\/wp\/v2\/media\/10440"}],"wp:attachment":[{"href":"https:\/\/wgphoto.pl\/t\/index.php?rest_route=%2Fwp%2Fv2%2Fmedia&parent=10439"}],"wp:term":[{"taxonomy":"category","embeddable":true,"href":"https:\/\/wgphoto.pl\/t\/index.php?rest_route=%2Fwp%2Fv2%2Fcategories&post=10439"},{"taxonomy":"post_tag","embeddable":true,"href":"https:\/\/wgphoto.pl\/t\/index.php?rest_route=%2Fwp%2Fv2%2Ftags&post=10439"}],"curies":[{"name":"wp","href":"https:\/\/api.w.org\/{rel}","templated":true}]}}