{"id":10452,"date":"2025-01-24T17:21:12","date_gmt":"2025-01-24T16:21:12","guid":{"rendered":"https:\/\/wgphoto.pl\/t\/?p=10452"},"modified":"2025-01-24T17:21:12","modified_gmt":"2025-01-24T16:21:12","slug":"karlovo-namesti-i","status":"publish","type":"post","link":"https:\/\/wgphoto.pl\/t\/?p=10452","title":{"rendered":"Karlovo n\u00e1m\u011bst\u00ed I"},"content":{"rendered":"\n<figure class=\"wp-block-image aligncenter size-full\"><img loading=\"lazy\" decoding=\"async\" width=\"1050\" height=\"700\" src=\"https:\/\/wgphoto.pl\/t\/wp-content\/uploads\/2025\/01\/IMGP3802.jpg\" alt=\"\" class=\"wp-image-10453\" srcset=\"https:\/\/wgphoto.pl\/t\/wp-content\/uploads\/2025\/01\/IMGP3802.jpg 1050w, https:\/\/wgphoto.pl\/t\/wp-content\/uploads\/2025\/01\/IMGP3802-300x200.jpg 300w, https:\/\/wgphoto.pl\/t\/wp-content\/uploads\/2025\/01\/IMGP3802-768x512.jpg 768w\" sizes=\"auto, (max-width: 1050px) 100vw, 1050px\" \/><\/figure>\n\n\n\n<div class=\"wp-block-group has-global-padding is-layout-constrained wp-block-group-is-layout-constrained\">\n<p>\u017b\u00f3\u0142tawe, sodowe o\u015bwietlenie sufitu oraz ok\u0142adzina \u015bcian w formie walc\u00f3w z bezbarwnego szk\u0142a tworz\u0105 wspania\u0142y, oldskulowy klimat, typowy dla stacji pierwszego odcinka linii B (Sm\u00edchovsk\u00e9 n\u00e1dra\u017e\u00ed &#8211; Florenc). Stacj\u0119 Karlovo n\u00e1m\u011bst\u00ed otwarto w 1985 roku. 01.04.2014<\/p>\n<\/div>\n","protected":false},"excerpt":{"rendered":"<p>\u017b\u00f3\u0142tawe, sodowe o\u015bwietlenie sufitu oraz ok\u0142adzina \u015bcian w formie walc\u00f3w z bezbarwnego szk\u0142a tworz\u0105 wspania\u0142y, oldskulowy klimat, typowy dla stacji pierwszego odcinka linii B (Sm\u00edchovsk\u00e9 n\u00e1dra\u017e\u00ed &#8211; Florenc). Stacj\u0119 Karlovo n\u00e1m\u011bst\u00ed otwarto w 1985 roku. 01.04.2014<\/p>\n","protected":false},"author":1,"featured_media":10453,"comment_status":"open","ping_status":"","sticky":false,"template":"","format":"standard","meta":{"footnotes":""},"categories":[220,4,48],"tags":[702,49,2649,52,1505,1506],"class_list":["post-10452","post","type-post","status-publish","format-standard","has-post-thumbnail","hentry","category-blo","category-metro","category-rok-2014","tag-2014-04-01","tag-czechy","tag-metro-praha","tag-praga","tag-stacje-praskiego-metra","tag-1506"],"_links":{"self":[{"href":"https:\/\/wgphoto.pl\/t\/index.php?rest_route=\/wp\/v2\/posts\/10452","targetHints":{"allow":["GET"]}}],"collection":[{"href":"https:\/\/wgphoto.pl\/t\/index.php?rest_route=\/wp\/v2\/posts"}],"about":[{"href":"https:\/\/wgphoto.pl\/t\/index.php?rest_route=\/wp\/v2\/types\/post"}],"author":[{"embeddable":true,"href":"https:\/\/wgphoto.pl\/t\/index.php?rest_route=\/wp\/v2\/users\/1"}],"replies":[{"embeddable":true,"href":"https:\/\/wgphoto.pl\/t\/index.php?rest_route=%2Fwp%2Fv2%2Fcomments&post=10452"}],"version-history":[{"count":1,"href":"https:\/\/wgphoto.pl\/t\/index.php?rest_route=\/wp\/v2\/posts\/10452\/revisions"}],"predecessor-version":[{"id":10454,"href":"https:\/\/wgphoto.pl\/t\/index.php?rest_route=\/wp\/v2\/posts\/10452\/revisions\/10454"}],"wp:featuredmedia":[{"embeddable":true,"href":"https:\/\/wgphoto.pl\/t\/index.php?rest_route=\/wp\/v2\/media\/10453"}],"wp:attachment":[{"href":"https:\/\/wgphoto.pl\/t\/index.php?rest_route=%2Fwp%2Fv2%2Fmedia&parent=10452"}],"wp:term":[{"taxonomy":"category","embeddable":true,"href":"https:\/\/wgphoto.pl\/t\/index.php?rest_route=%2Fwp%2Fv2%2Fcategories&post=10452"},{"taxonomy":"post_tag","embeddable":true,"href":"https:\/\/wgphoto.pl\/t\/index.php?rest_route=%2Fwp%2Fv2%2Ftags&post=10452"}],"curies":[{"name":"wp","href":"https:\/\/api.w.org\/{rel}","templated":true}]}}